{"id":180797,"date":"2024-09-16T23:52:35","date_gmt":"2024-09-16T21:52:35","guid":{"rendered":"https:\/\/radiostargjilan.com\/web\/?p=180797"},"modified":"2024-09-16T23:52:35","modified_gmt":"2024-09-16T21:52:35","slug":"riad-rashiti-gjilani-po-i-humbe-edhe-9-milion-euro-tjera-buxhet-per-projektin-e-qarkores-se-re-te-qytetit","status":"publish","type":"post","link":"https:\/\/radiostargjilan.com\/web\/riad-rashiti-gjilani-po-i-humbe-edhe-9-milion-euro-tjera-buxhet-per-projektin-e-qarkores-se-re-te-qytetit\/","title":{"rendered":"Riad Rashiti: Gjilani po i humb\u00eb edhe 9 milion euro tjera buxhet p\u00ebr projektin e qarkores s\u00eb re t\u00eb qytetit"},"content":{"rendered":"<p>Gjilani po i humb\u00eb edhe 9 milion euro buxhet p\u00ebr projektin e qarkores s\u00eb re t\u00eb qytetit<\/p>\n<p>M\u00eb 16 janar 2024 komuna e Gjilanit ka n\u00ebnshkruar me Ministrin\u00eb e Infrastruktur\u00ebs marr\u00ebveshjen p\u00ebr bashk\u00ebfinancimin e projektit t\u00eb qarkores s\u00eb re t\u00eb qytetit, n\u00eb vler\u00eb prej 27 milion euro.<\/p>\n<p>Buxhet i ndar\u00eb p\u00ebr 2024  jan\u00eb 9 milion euro, 6 milion euro nga ministria e infrastruktur\u00ebs dhe 3 milion euro nga buxheti komunal. <\/p>\n<p>Zotimi publik i k\u00ebsaj qeverisje t\u00eb d\u00ebshtuar ka qen\u00eb se dy pjes\u00ebt e k\u00ebsaj qarkore do t\u00eb nd\u00ebrtohen n\u00eb k\u00ebt\u00eb vit.<\/p>\n<p>Mir\u00ebpo deri m\u00eb sot asnj\u00eb veprim nuk \u00ebsht\u00eb b\u00ebr\u00eb, as procedurat e tenderimit nuk jan\u00eb zhvilluar, e l\u00ebre m\u00eb kontraktimi apo nisja e punimeve.<\/p>\n<p>Komuna e Gjilanit po bohet hor\u00eb para qytetar\u00ebve t\u00eb Republik\u00ebs s\u00eb Kosov\u00ebs, po tregon paaft\u00ebsi totale me qeverisjen e saj komunale t\u00eb udh\u00ebhequr nga d\u00ebshtak\u00ebt e organizat\u00ebs s\u00eb VV-s\u00eb.<\/p>\n<p>Gjilani meriton m\u00eb mir\u00eb, jo degradimin por zhvillimin.<\/p>\n","protected":false},"excerpt":{"rendered":"<p>Gjilani po i humb\u00eb edhe 9 milion euro buxhet p\u00ebr projektin e qarkores s\u00eb re t\u00eb qytetit M\u00eb 16 janar 2024 komuna e Gjilanit ka n\u00ebnshkruar me Ministrin\u00eb e Infrastruktur\u00ebs marr\u00ebveshjen p\u00ebr bashk\u00ebfinancimin e projektit t\u00eb qarkores s\u00eb re t\u00eb qytetit, n\u00eb vler\u00eb prej 27 milion euro. Buxhet i ndar\u00eb p\u00ebr 2024 jan\u00eb 9 milion [&hellip;]<\/p>\n","protected":false},"author":1,"featured_media":180798,"comment_status":"closed","ping_status":"closed","sticky":false,"template":"","format":"standard","meta":{"footnotes":""},"categories":[5],"tags":[],"class_list":{"0":"post-180797","1":"post","2":"type-post","3":"status-publish","4":"format-standard","5":"has-post-thumbnail","7":"category-lajme"},"_links":{"self":[{"href":"https:\/\/radiostargjilan.com\/web\/wp-json\/wp\/v2\/posts\/180797","targetHints":{"allow":["GET"]}}],"collection":[{"href":"https:\/\/radiostargjilan.com\/web\/wp-json\/wp\/v2\/posts"}],"about":[{"href":"https:\/\/radiostargjilan.com\/web\/wp-json\/wp\/v2\/types\/post"}],"author":[{"embeddable":true,"href":"https:\/\/radiostargjilan.com\/web\/wp-json\/wp\/v2\/users\/1"}],"replies":[{"embeddable":true,"href":"https:\/\/radiostargjilan.com\/web\/wp-json\/wp\/v2\/comments?post=180797"}],"version-history":[{"count":0,"href":"https:\/\/radiostargjilan.com\/web\/wp-json\/wp\/v2\/posts\/180797\/revisions"}],"wp:featuredmedia":[{"embeddable":true,"href":"https:\/\/radiostargjilan.com\/web\/wp-json\/wp\/v2\/media\/180798"}],"wp:attachment":[{"href":"https:\/\/radiostargjilan.com\/web\/wp-json\/wp\/v2\/media?parent=180797"}],"wp:term":[{"taxonomy":"category","embeddable":true,"href":"https:\/\/radiostargjilan.com\/web\/wp-json\/wp\/v2\/categories?post=180797"},{"taxonomy":"post_tag","embeddable":true,"href":"https:\/\/radiostargjilan.com\/web\/wp-json\/wp\/v2\/tags?post=180797"}],"curies":[{"name":"wp","href":"https:\/\/api.w.org\/{rel}","templated":true}]}}