{"id":180944,"date":"2024-09-18T17:42:40","date_gmt":"2024-09-18T15:42:40","guid":{"rendered":"https:\/\/radiostargjilan.com\/web\/?p=180944"},"modified":"2024-09-18T17:42:40","modified_gmt":"2024-09-18T15:42:40","slug":"takim-bashkepunimi-mes-policise-dhe-qendres-se-paraburgimit-ne-gjilan","status":"publish","type":"post","link":"https:\/\/radiostargjilan.com\/web\/takim-bashkepunimi-mes-policise-dhe-qendres-se-paraburgimit-ne-gjilan\/","title":{"rendered":"Takim bashk\u00ebpunimi mes Policis\u00eb dhe Qendr\u00ebs s\u00eb Paraburgimit n\u00eb Gjilan"},"content":{"rendered":"<p>N\u00eb ambientet e Drejtoris\u00eb Rajonale t\u00eb Policis\u00eb n\u00eb Gjilani, Drejtori i Drejtoris\u00eb Rajonale t\u00eb Policis\u00eb s\u00eb n\u00eb Gjilan Kolonel Agron Rukiqi me staf sot me dat\u00ebn 18.09.2024 ka mbajtur nj\u00eb takim pune me z. Rasim Selmani Ushtrues detyre Drejtor i Qendr\u00ebs s\u00eb Paraburgimit t\u00eb Gjilanit me stafin e tij.<\/p>\n<p>Q\u00ebllimi i k\u00ebtij takimi ishte fuqizimi i bashk\u00ebpunimit mes dy institucioneve dhe shqyrtimi i \u00e7\u00ebshtjeve t\u00eb r\u00ebnd\u00ebsishme me interes reciprok p\u00ebr k\u00ebto dy institucione duke u dakorduar  se ky bashk\u00ebpunim do t\u00eb fuqizohet akoma m\u00eb shum\u00eb n\u00eb t\u00eb ardhmen.<\/p>\n<p>Drejtoria Rajonale e Policis\u00eb n\u00eb Gjilan mbet\u00ebt e p\u00ebrkushtuar n\u00eb  mbrojtjen e rendit publik dhe ligjit duke ngritur bashk\u00ebpunimin me prioritet t\u00eb ve\u00e7ant\u00eb me institucionet e tjera.<\/p>\n","protected":false},"excerpt":{"rendered":"<p>N\u00eb ambientet e Drejtoris\u00eb Rajonale t\u00eb Policis\u00eb n\u00eb Gjilani, Drejtori i Drejtoris\u00eb Rajonale t\u00eb Policis\u00eb s\u00eb n\u00eb Gjilan Kolonel Agron Rukiqi me staf sot me dat\u00ebn 18.09.2024 ka mbajtur nj\u00eb takim pune me z. Rasim Selmani Ushtrues detyre Drejtor i Qendr\u00ebs s\u00eb Paraburgimit t\u00eb Gjilanit me stafin e tij. Q\u00ebllimi i k\u00ebtij takimi ishte fuqizimi [&hellip;]<\/p>\n","protected":false},"author":1,"featured_media":180945,"comment_status":"closed","ping_status":"closed","sticky":false,"template":"","format":"standard","meta":{"footnotes":""},"categories":[5],"tags":[],"class_list":{"0":"post-180944","1":"post","2":"type-post","3":"status-publish","4":"format-standard","5":"has-post-thumbnail","7":"category-lajme"},"_links":{"self":[{"href":"https:\/\/radiostargjilan.com\/web\/wp-json\/wp\/v2\/posts\/180944","targetHints":{"allow":["GET"]}}],"collection":[{"href":"https:\/\/radiostargjilan.com\/web\/wp-json\/wp\/v2\/posts"}],"about":[{"href":"https:\/\/radiostargjilan.com\/web\/wp-json\/wp\/v2\/types\/post"}],"author":[{"embeddable":true,"href":"https:\/\/radiostargjilan.com\/web\/wp-json\/wp\/v2\/users\/1"}],"replies":[{"embeddable":true,"href":"https:\/\/radiostargjilan.com\/web\/wp-json\/wp\/v2\/comments?post=180944"}],"version-history":[{"count":0,"href":"https:\/\/radiostargjilan.com\/web\/wp-json\/wp\/v2\/posts\/180944\/revisions"}],"wp:featuredmedia":[{"embeddable":true,"href":"https:\/\/radiostargjilan.com\/web\/wp-json\/wp\/v2\/media\/180945"}],"wp:attachment":[{"href":"https:\/\/radiostargjilan.com\/web\/wp-json\/wp\/v2\/media?parent=180944"}],"wp:term":[{"taxonomy":"category","embeddable":true,"href":"https:\/\/radiostargjilan.com\/web\/wp-json\/wp\/v2\/categories?post=180944"},{"taxonomy":"post_tag","embeddable":true,"href":"https:\/\/radiostargjilan.com\/web\/wp-json\/wp\/v2\/tags?post=180944"}],"curies":[{"name":"wp","href":"https:\/\/api.w.org\/{rel}","templated":true}]}}