{"id":180951,"date":"2024-09-18T20:47:00","date_gmt":"2024-09-18T18:47:00","guid":{"rendered":"https:\/\/radiostargjilan.com\/web\/?p=180951"},"modified":"2024-09-18T20:47:00","modified_gmt":"2024-09-18T18:47:00","slug":"kandidati-per-kryeminister-bedri-hamza-viziton-pdk-ne-dega-ne-gjilan","status":"publish","type":"post","link":"https:\/\/radiostargjilan.com\/web\/kandidati-per-kryeminister-bedri-hamza-viziton-pdk-ne-dega-ne-gjilan\/","title":{"rendered":"Kandidati p\u00ebr kryeminist\u00ebr Bedri Hamza viziton PDK-n\u00eb, dega n\u00eb Gjilan"},"content":{"rendered":"<p>Nes\u00ebr n\u00eb Gjilan, kandidati p\u00ebr kryeminist\u00ebr, Bedri Hamza, do t\u00eb vizitoj\u00eb selin\u00eb e Partis\u00eb Demokratike t\u00eb Kosov\u00ebs (PDK), dega n\u00eb Gjilan. <\/p>\n<p>Pas takimit me strukturat e deg\u00ebs, Hamza do t\u00eb takohet edhe me qytetar\u00ebt, nj\u00eb ngjarje e planifikuar t\u00eb filloj\u00eb n\u00eb ora 18:00. <\/p>\n<p>Kjo vizit\u00eb \u00ebsht\u00eb pjes\u00eb e fushat\u00ebs s\u00eb tij p\u00ebr t\u00eb forcuar komunikimin me qytetar\u00ebt dhe p\u00ebr t\u00eb diskutuar vizionin e tij p\u00ebr t\u00eb ardhmen e Kosov\u00ebs.<\/p>\n","protected":false},"excerpt":{"rendered":"<p>Nes\u00ebr n\u00eb Gjilan, kandidati p\u00ebr kryeminist\u00ebr, Bedri Hamza, do t\u00eb vizitoj\u00eb selin\u00eb e Partis\u00eb Demokratike t\u00eb Kosov\u00ebs (PDK), dega n\u00eb Gjilan. Pas takimit me strukturat e deg\u00ebs, Hamza do t\u00eb takohet edhe me qytetar\u00ebt, nj\u00eb ngjarje e planifikuar t\u00eb filloj\u00eb n\u00eb ora 18:00. Kjo vizit\u00eb \u00ebsht\u00eb pjes\u00eb e fushat\u00ebs s\u00eb tij p\u00ebr t\u00eb forcuar komunikimin [&hellip;]<\/p>\n","protected":false},"author":1,"featured_media":180952,"comment_status":"closed","ping_status":"closed","sticky":false,"template":"","format":"standard","meta":{"footnotes":""},"categories":[5],"tags":[],"class_list":{"0":"post-180951","1":"post","2":"type-post","3":"status-publish","4":"format-standard","5":"has-post-thumbnail","7":"category-lajme"},"_links":{"self":[{"href":"https:\/\/radiostargjilan.com\/web\/wp-json\/wp\/v2\/posts\/180951","targetHints":{"allow":["GET"]}}],"collection":[{"href":"https:\/\/radiostargjilan.com\/web\/wp-json\/wp\/v2\/posts"}],"about":[{"href":"https:\/\/radiostargjilan.com\/web\/wp-json\/wp\/v2\/types\/post"}],"author":[{"embeddable":true,"href":"https:\/\/radiostargjilan.com\/web\/wp-json\/wp\/v2\/users\/1"}],"replies":[{"embeddable":true,"href":"https:\/\/radiostargjilan.com\/web\/wp-json\/wp\/v2\/comments?post=180951"}],"version-history":[{"count":0,"href":"https:\/\/radiostargjilan.com\/web\/wp-json\/wp\/v2\/posts\/180951\/revisions"}],"wp:featuredmedia":[{"embeddable":true,"href":"https:\/\/radiostargjilan.com\/web\/wp-json\/wp\/v2\/media\/180952"}],"wp:attachment":[{"href":"https:\/\/radiostargjilan.com\/web\/wp-json\/wp\/v2\/media?parent=180951"}],"wp:term":[{"taxonomy":"category","embeddable":true,"href":"https:\/\/radiostargjilan.com\/web\/wp-json\/wp\/v2\/categories?post=180951"},{"taxonomy":"post_tag","embeddable":true,"href":"https:\/\/radiostargjilan.com\/web\/wp-json\/wp\/v2\/tags?post=180951"}],"curies":[{"name":"wp","href":"https:\/\/api.w.org\/{rel}","templated":true}]}}