{"id":180960,"date":"2024-09-18T22:36:29","date_gmt":"2024-09-18T20:36:29","guid":{"rendered":"https:\/\/radiostargjilan.com\/web\/?p=180960"},"modified":"2024-09-18T22:36:29","modified_gmt":"2024-09-18T20:36:29","slug":"arrijne-ne-kosove-rreth-300-trupat-britanike-te-kfor-it","status":"publish","type":"post","link":"https:\/\/radiostargjilan.com\/web\/arrijne-ne-kosove-rreth-300-trupat-britanike-te-kfor-it\/","title":{"rendered":"Arrijn\u00eb n\u00eb Kosov\u00eb rreth 300 trupat britanike t\u00eb KFOR-it"},"content":{"rendered":"<p>Misioni paqeruajt\u00ebs i NATO-s\u00eb n\u00eb Kosov\u00eb, KFOR, ka njoftuar se rreth 300 ushtar\u00eb britanik do t\u2019i bashkohen KFOR-it n\u00eb Kosov\u00eb.<\/p>\n<p>Ata kan\u00eb ateruar mbr\u00ebmjen e sotme n\u00eb aeropotin nd\u00ebrkombetar t\u00eb Prishtin\u00ebs \u201cAdem Jashari\u201d.<\/p>\n<p>Ushtar\u00ebt britnaik jan\u00eb vendosur p\u00ebrkoh\u00ebsisht n\u00eb Kosov\u00eb, p\u00ebr nj\u00eb st\u00ebrvitje rutin\u00eb t\u00eb provave operative me trupat e tjera t\u00eb KFOR-it, ku ky ushtrim \u00ebsht\u00eb planifikuar t\u00eb zgjas\u00eb nga data 18 shtator deri n\u00eb fund t\u00eb tetorit, ka njoftuar KFOR.<\/p>\n<div class=\"des-adv jashtshteti\"><ins id=\"revive-0-1\" data-revive-zoneid=\"14\" data-revive-id=\"72a2027980ba5271e779e821c7719f8a\" data-revive-seq=\"1\" data-revive-loaded=\"1\"><\/p>\n<div id=\"beacon_5ae62ac7d7\"><img loading=\"lazy\" loading=\"lazy\" decoding=\"async\" src=\"https:\/\/insajderi.org\/ads\/www\/delivery\/lg.php?bannerid=0&amp;campaignid=0&amp;zoneid=14&amp;loc=https%3A%2F%2Finsajderi.org%2Farrijne-ne-kosove-rreth-300-trupat-britanike-te-kfor-it%2F%3Ffbclid%3DIwZXh0bgNhZW0CMTEAAR10N13IZ_XM-3e_TWjLFVrxcE7n8IucqcnjLmCEr3Dz1Tli-JTx9EGX4Tc_aem__xFoMsSdxVV1pGfOyDldqg&amp;referer=http%3A%2F%2Fm.facebook.com%2F&amp;cb=5ae62ac7d7\" alt=\"\" width=\"0\" height=\"0\" \/><\/div>\n<p><\/ins><\/div>\n<p><iframe loading=\"lazy\" src=\"https:\/\/www.facebook.com\/plugins\/post.php?href=https%3A%2F%2Fwww.facebook.com%2FNATOKFOR%2Fposts%2Fpfbid02GEPcbv2WTJkGV3mSnxnoq9aBFhfSPRsuXQZnHSdpeRkH2pdQT9CUGyu1qv4jqz1Tl&amp;show_text=true&amp;width=500\" width=\"500\" height=\"786\" frameborder=\"0\" scrolling=\"no\" allowfullscreen=\"allowfullscreen\" data-mce-fragment=\"1\"><\/iframe><\/p>\n<p>&nbsp;<\/p>\n<div class=\"mobile\"><\/div>\n","protected":false},"excerpt":{"rendered":"<p>Misioni paqeruajt\u00ebs i NATO-s\u00eb n\u00eb Kosov\u00eb, KFOR, ka njoftuar se rreth 300 ushtar\u00eb britanik do t\u2019i bashkohen KFOR-it n\u00eb Kosov\u00eb. Ata kan\u00eb ateruar mbr\u00ebmjen e sotme n\u00eb aeropotin nd\u00ebrkombetar t\u00eb Prishtin\u00ebs \u201cAdem Jashari\u201d. Ushtar\u00ebt britnaik jan\u00eb vendosur p\u00ebrkoh\u00ebsisht n\u00eb Kosov\u00eb, p\u00ebr nj\u00eb st\u00ebrvitje rutin\u00eb t\u00eb provave operative me trupat e tjera t\u00eb KFOR-it, ku ky [&hellip;]<\/p>\n","protected":false},"author":1,"featured_media":180961,"comment_status":"closed","ping_status":"closed","sticky":false,"template":"","format":"standard","meta":{"footnotes":""},"categories":[5],"tags":[],"class_list":{"0":"post-180960","1":"post","2":"type-post","3":"status-publish","4":"format-standard","5":"has-post-thumbnail","7":"category-lajme"},"_links":{"self":[{"href":"https:\/\/radiostargjilan.com\/web\/wp-json\/wp\/v2\/posts\/180960","targetHints":{"allow":["GET"]}}],"collection":[{"href":"https:\/\/radiostargjilan.com\/web\/wp-json\/wp\/v2\/posts"}],"about":[{"href":"https:\/\/radiostargjilan.com\/web\/wp-json\/wp\/v2\/types\/post"}],"author":[{"embeddable":true,"href":"https:\/\/radiostargjilan.com\/web\/wp-json\/wp\/v2\/users\/1"}],"replies":[{"embeddable":true,"href":"https:\/\/radiostargjilan.com\/web\/wp-json\/wp\/v2\/comments?post=180960"}],"version-history":[{"count":0,"href":"https:\/\/radiostargjilan.com\/web\/wp-json\/wp\/v2\/posts\/180960\/revisions"}],"wp:featuredmedia":[{"embeddable":true,"href":"https:\/\/radiostargjilan.com\/web\/wp-json\/wp\/v2\/media\/180961"}],"wp:attachment":[{"href":"https:\/\/radiostargjilan.com\/web\/wp-json\/wp\/v2\/media?parent=180960"}],"wp:term":[{"taxonomy":"category","embeddable":true,"href":"https:\/\/radiostargjilan.com\/web\/wp-json\/wp\/v2\/categories?post=180960"},{"taxonomy":"post_tag","embeddable":true,"href":"https:\/\/radiostargjilan.com\/web\/wp-json\/wp\/v2\/tags?post=180960"}],"curies":[{"name":"wp","href":"https:\/\/api.w.org\/{rel}","templated":true}]}}