{"id":180969,"date":"2024-09-19T09:46:41","date_gmt":"2024-09-19T07:46:41","guid":{"rendered":"https:\/\/radiostargjilan.com\/web\/?p=180969"},"modified":"2024-09-19T09:46:41","modified_gmt":"2024-09-19T07:46:41","slug":"kelmendi-shba-ja-franca-dhe-gjermania-per-78-dite-bombarduan-serbine-tani-po-nenshkruajne-marreveshje-miliardeshe","status":"publish","type":"post","link":"https:\/\/radiostargjilan.com\/web\/kelmendi-shba-ja-franca-dhe-gjermania-per-78-dite-bombarduan-serbine-tani-po-nenshkruajne-marreveshje-miliardeshe\/","title":{"rendered":"Kelmendi: ShBA-ja, Franca dhe Gjermania p\u00ebr 78 dit\u00eb bombarduan Serbin\u00eb, tani po n\u00ebnshkruajn\u00eb marr\u00ebveshje miliard\u00ebshe"},"content":{"rendered":"<p>Gazetari Adriatik Kelmendi ka komentuar n\u00ebnshkrimin e Marr\u00ebveshjes p\u00ebr Bashk\u00ebpunim Strategjik n\u00eb Energji n\u00eb mes t\u00eb SHBA-s\u00eb dhe Serbis\u00eb.<\/p>\n<p>Ai ka p\u00ebrmendur edhe marr\u00ebveshjet e m\u00ebhershme t\u00eb Serbis\u00eb me Franc\u00ebn dhe Gjermanin\u00eb.<\/p>\n<p>N\u00eb profilin e tij n\u00eb \u201cFacebook\u201d, Kelmendi ka shkruar se vendet q\u00eb dikur e kan\u00eb bombarduar Serbin\u00eb tani po n\u00ebnshkruaj\u00ebn marr\u00ebveshje miliardeshe me t\u00eb.<\/p>\n<p>\u201c78 dit\u00eb e kan\u00eb bombarduar Serbin\u00eb bashk\u00eb Amerika, Gjermania dhe Franca. N\u00eb m\u00eb pak se 78 dit\u00ebt e fundit Serbia lidhi marr\u00ebveshje miliard\u00ebshe bashkepunimi me Amerik\u00ebn, Gjermanin\u00eb dhe Franc\u00ebn. Ve\u00e7 ta l\u00eb t\u00eb shkruar k\u00ebtu!\u201d, ka shkruar Kelmendi.<\/p>\n","protected":false},"excerpt":{"rendered":"<p>Gazetari Adriatik Kelmendi ka komentuar n\u00ebnshkrimin e Marr\u00ebveshjes p\u00ebr Bashk\u00ebpunim Strategjik n\u00eb Energji n\u00eb mes t\u00eb SHBA-s\u00eb dhe Serbis\u00eb. Ai ka p\u00ebrmendur edhe marr\u00ebveshjet e m\u00ebhershme t\u00eb Serbis\u00eb me Franc\u00ebn dhe Gjermanin\u00eb. N\u00eb profilin e tij n\u00eb \u201cFacebook\u201d, Kelmendi ka shkruar se vendet q\u00eb dikur e kan\u00eb bombarduar Serbin\u00eb tani po n\u00ebnshkruaj\u00ebn marr\u00ebveshje miliardeshe me [&hellip;]<\/p>\n","protected":false},"author":1,"featured_media":180970,"comment_status":"closed","ping_status":"closed","sticky":false,"template":"","format":"standard","meta":{"footnotes":""},"categories":[5],"tags":[],"class_list":{"0":"post-180969","1":"post","2":"type-post","3":"status-publish","4":"format-standard","5":"has-post-thumbnail","7":"category-lajme"},"_links":{"self":[{"href":"https:\/\/radiostargjilan.com\/web\/wp-json\/wp\/v2\/posts\/180969","targetHints":{"allow":["GET"]}}],"collection":[{"href":"https:\/\/radiostargjilan.com\/web\/wp-json\/wp\/v2\/posts"}],"about":[{"href":"https:\/\/radiostargjilan.com\/web\/wp-json\/wp\/v2\/types\/post"}],"author":[{"embeddable":true,"href":"https:\/\/radiostargjilan.com\/web\/wp-json\/wp\/v2\/users\/1"}],"replies":[{"embeddable":true,"href":"https:\/\/radiostargjilan.com\/web\/wp-json\/wp\/v2\/comments?post=180969"}],"version-history":[{"count":0,"href":"https:\/\/radiostargjilan.com\/web\/wp-json\/wp\/v2\/posts\/180969\/revisions"}],"wp:featuredmedia":[{"embeddable":true,"href":"https:\/\/radiostargjilan.com\/web\/wp-json\/wp\/v2\/media\/180970"}],"wp:attachment":[{"href":"https:\/\/radiostargjilan.com\/web\/wp-json\/wp\/v2\/media?parent=180969"}],"wp:term":[{"taxonomy":"category","embeddable":true,"href":"https:\/\/radiostargjilan.com\/web\/wp-json\/wp\/v2\/categories?post=180969"},{"taxonomy":"post_tag","embeddable":true,"href":"https:\/\/radiostargjilan.com\/web\/wp-json\/wp\/v2\/tags?post=180969"}],"curies":[{"name":"wp","href":"https:\/\/api.w.org\/{rel}","templated":true}]}}