{"id":180999,"date":"2024-09-19T15:18:25","date_gmt":"2024-09-19T13:18:25","guid":{"rendered":"https:\/\/radiostargjilan.com\/web\/?p=180999"},"modified":"2024-09-19T15:18:25","modified_gmt":"2024-09-19T13:18:25","slug":"deputeti-beke-berisha-shfaqet-me-krah-te-thyer-pas-aksidentit-tregon-per-momentet-e-para-pas-perplasjes","status":"publish","type":"post","link":"https:\/\/radiostargjilan.com\/web\/deputeti-beke-berisha-shfaqet-me-krah-te-thyer-pas-aksidentit-tregon-per-momentet-e-para-pas-perplasjes\/","title":{"rendered":"Deputeti Bek\u00eb Berisha shfaqet me krah t\u00eb thyer pas aksidentit, tregon p\u00ebr momentet e para pas p\u00ebrplasjes"},"content":{"rendered":"<p>Deputeti i AAK-s\u00eb, Bek\u00eb Berisha, ka p\u00ebsuar aksident dit\u00eb m\u00eb par\u00eb nga ku edhe duket q\u00eb ka marr\u00eb l\u00ebndime serioze. N\u00eb fotografin\u00eb e publikuar sot n\u00eb profilin e tij, deputeti Berisha shihet q\u00eb e ka thyer krahun e djatht\u00eb.<\/p>\n<p>N\u00eb k\u00ebt\u00eb reagim t\u00eb tij lidhur me aksidentin, Berisha ka rr\u00ebfyer edhe p\u00ebr momentet e v\u00ebshtira pas p\u00ebrplasjes dhe p\u00ebr policen e Kosov\u00ebs q\u00eb e kishte ndihmuar pas aksidentit<\/p>\n<p>N\u00eb fund t\u00eb shkrimit t\u00eb tij pasi ka fal\u00ebnderuar Policin\u00eb e Kosov\u00ebs dhe mjek\u00ebt n\u00eb QKUK q\u00eb e kan\u00eb operuar, deputeti Berisha ka pasur nj\u00eb mesazh p\u00ebr t\u00eb rinjt\u00eb, duke iu th\u00ebn\u00eb q\u00eb p\u00ebrshtatja e shpejt\u00ebsis\u00eb me kushtet e rrug\u00ebs \u00ebsht\u00eb jetike. Gjithashtu ka th\u00ebn\u00eb se s\u2019duhet harruar vendosja e rripit t\u00eb siguris\u00eb.<br \/>\n<a href=\"https:\/\/radiostargjilan.com\/web\/wp-content\/uploads\/2024\/09\/IMG_9171.jpeg\"><img loading=\"lazy\" loading=\"lazy\" decoding=\"async\" src=\"https:\/\/radiostargjilan.com\/web\/wp-content\/uploads\/2024\/09\/IMG_9171.jpeg\" alt=\"\" width=\"695\" height=\"834\" class=\"alignnone size-full wp-image-181000\" srcset=\"https:\/\/radiostargjilan.com\/web\/wp-content\/uploads\/2024\/09\/IMG_9171.jpeg 695w, https:\/\/radiostargjilan.com\/web\/wp-content\/uploads\/2024\/09\/IMG_9171-250x300.jpeg 250w\" sizes=\"auto, (max-width: 695px) 100vw, 695px\" \/><\/a><\/p>\n","protected":false},"excerpt":{"rendered":"<p>Deputeti i AAK-s\u00eb, Bek\u00eb Berisha, ka p\u00ebsuar aksident dit\u00eb m\u00eb par\u00eb nga ku edhe duket q\u00eb ka marr\u00eb l\u00ebndime serioze. N\u00eb fotografin\u00eb e publikuar sot n\u00eb profilin e tij, deputeti Berisha shihet q\u00eb e ka thyer krahun e djatht\u00eb. N\u00eb k\u00ebt\u00eb reagim t\u00eb tij lidhur me aksidentin, Berisha ka rr\u00ebfyer edhe p\u00ebr momentet e v\u00ebshtira [&hellip;]<\/p>\n","protected":false},"author":1,"featured_media":181001,"comment_status":"closed","ping_status":"closed","sticky":false,"template":"","format":"standard","meta":{"footnotes":""},"categories":[5],"tags":[],"class_list":{"0":"post-180999","1":"post","2":"type-post","3":"status-publish","4":"format-standard","5":"has-post-thumbnail","7":"category-lajme"},"_links":{"self":[{"href":"https:\/\/radiostargjilan.com\/web\/wp-json\/wp\/v2\/posts\/180999","targetHints":{"allow":["GET"]}}],"collection":[{"href":"https:\/\/radiostargjilan.com\/web\/wp-json\/wp\/v2\/posts"}],"about":[{"href":"https:\/\/radiostargjilan.com\/web\/wp-json\/wp\/v2\/types\/post"}],"author":[{"embeddable":true,"href":"https:\/\/radiostargjilan.com\/web\/wp-json\/wp\/v2\/users\/1"}],"replies":[{"embeddable":true,"href":"https:\/\/radiostargjilan.com\/web\/wp-json\/wp\/v2\/comments?post=180999"}],"version-history":[{"count":0,"href":"https:\/\/radiostargjilan.com\/web\/wp-json\/wp\/v2\/posts\/180999\/revisions"}],"wp:featuredmedia":[{"embeddable":true,"href":"https:\/\/radiostargjilan.com\/web\/wp-json\/wp\/v2\/media\/181001"}],"wp:attachment":[{"href":"https:\/\/radiostargjilan.com\/web\/wp-json\/wp\/v2\/media?parent=180999"}],"wp:term":[{"taxonomy":"category","embeddable":true,"href":"https:\/\/radiostargjilan.com\/web\/wp-json\/wp\/v2\/categories?post=180999"},{"taxonomy":"post_tag","embeddable":true,"href":"https:\/\/radiostargjilan.com\/web\/wp-json\/wp\/v2\/tags?post=180999"}],"curies":[{"name":"wp","href":"https:\/\/api.w.org\/{rel}","templated":true}]}}