{"id":181033,"date":"2024-09-19T20:26:56","date_gmt":"2024-09-19T18:26:56","guid":{"rendered":"https:\/\/radiostargjilan.com\/web\/?p=181033"},"modified":"2024-09-19T20:26:56","modified_gmt":"2024-09-19T18:26:56","slug":"bedri-hamza-kandidat-per-kryeminister-takon-strukturat-e-pdk-se-ne-gjilan","status":"publish","type":"post","link":"https:\/\/radiostargjilan.com\/web\/bedri-hamza-kandidat-per-kryeminister-takon-strukturat-e-pdk-se-ne-gjilan\/","title":{"rendered":"Bedri Hamza, kandidat p\u00ebr kryeminist\u00ebr takon strukturat e PDK-s\u00eb n\u00eb Gjilan"},"content":{"rendered":"<p>Bedri Hamza, kandidati p\u00ebr kryeminist\u00ebr t\u00eb Kosov\u00ebs nga Partia Demokratike e Kosov\u00ebs (PDK), zhvilloi sot nj\u00eb takim me p\u00ebrfaq\u00ebsuesit e deg\u00ebs s\u00eb PDK-s\u00eb n\u00eb Gjilan n\u00eb kuad\u00ebr t\u00eb p\u00ebrgatitjeve p\u00ebr zgjedhjet e 9 shkurtit 2025.<\/p>\n<p>N\u00eb k\u00ebt\u00eb takim, Hamza diskutoi strategjit\u00eb dhe objektivat e partis\u00eb p\u00ebr t\u00eb ardhmen e vendit.<\/p>\n<p>Pas k\u00ebtij takimi, ai u takua gjithashtu me disa qytetar\u00eb t\u00eb Gjilanit, ku u theksuan planprogrami dhe projektet e PDK-s\u00eb. <\/p>\n<p>Hamza theksoi r\u00ebnd\u00ebsin\u00eb e angazhimit t\u00eb qytetar\u00ebve n\u00eb procesin politik dhe d\u00ebshir\u00ebn p\u00ebr t\u00eb adresuar nevojat dhe shqet\u00ebsimet e tyre. <\/p>\n<p>Bedri Hamza ka d\u00ebgjuar me v\u00ebmendje k\u00ebrkesat e qytetar\u00ebve, t\u00eb cil\u00ebt i adresuan shqet\u00ebsimet dhe nevojat e tyre gjat\u00eb takimit. <\/p>\n<p>Kjo shk\u00ebmbim ide dhe informacioni thekson r\u00ebnd\u00ebsin\u00eb e bashk\u00ebpunimit mes institucioneve dhe qytetar\u00ebve p\u00ebr nj\u00eb t\u00eb ardhme m\u00eb t\u00eb mir\u00eb.<\/p>\n","protected":false},"excerpt":{"rendered":"<p>Bedri Hamza, kandidati p\u00ebr kryeminist\u00ebr t\u00eb Kosov\u00ebs nga Partia Demokratike e Kosov\u00ebs (PDK), zhvilloi sot nj\u00eb takim me p\u00ebrfaq\u00ebsuesit e deg\u00ebs s\u00eb PDK-s\u00eb n\u00eb Gjilan n\u00eb kuad\u00ebr t\u00eb p\u00ebrgatitjeve p\u00ebr zgjedhjet e 9 shkurtit 2025. N\u00eb k\u00ebt\u00eb takim, Hamza diskutoi strategjit\u00eb dhe objektivat e partis\u00eb p\u00ebr t\u00eb ardhmen e vendit. Pas k\u00ebtij takimi, ai u [&hellip;]<\/p>\n","protected":false},"author":1,"featured_media":181027,"comment_status":"closed","ping_status":"closed","sticky":false,"template":"","format":"standard","meta":{"footnotes":""},"categories":[5],"tags":[],"class_list":{"0":"post-181033","1":"post","2":"type-post","3":"status-publish","4":"format-standard","5":"has-post-thumbnail","7":"category-lajme"},"_links":{"self":[{"href":"https:\/\/radiostargjilan.com\/web\/wp-json\/wp\/v2\/posts\/181033","targetHints":{"allow":["GET"]}}],"collection":[{"href":"https:\/\/radiostargjilan.com\/web\/wp-json\/wp\/v2\/posts"}],"about":[{"href":"https:\/\/radiostargjilan.com\/web\/wp-json\/wp\/v2\/types\/post"}],"author":[{"embeddable":true,"href":"https:\/\/radiostargjilan.com\/web\/wp-json\/wp\/v2\/users\/1"}],"replies":[{"embeddable":true,"href":"https:\/\/radiostargjilan.com\/web\/wp-json\/wp\/v2\/comments?post=181033"}],"version-history":[{"count":0,"href":"https:\/\/radiostargjilan.com\/web\/wp-json\/wp\/v2\/posts\/181033\/revisions"}],"wp:featuredmedia":[{"embeddable":true,"href":"https:\/\/radiostargjilan.com\/web\/wp-json\/wp\/v2\/media\/181027"}],"wp:attachment":[{"href":"https:\/\/radiostargjilan.com\/web\/wp-json\/wp\/v2\/media?parent=181033"}],"wp:term":[{"taxonomy":"category","embeddable":true,"href":"https:\/\/radiostargjilan.com\/web\/wp-json\/wp\/v2\/categories?post=181033"},{"taxonomy":"post_tag","embeddable":true,"href":"https:\/\/radiostargjilan.com\/web\/wp-json\/wp\/v2\/tags?post=181033"}],"curies":[{"name":"wp","href":"https:\/\/api.w.org\/{rel}","templated":true}]}}