{"id":181042,"date":"2024-09-19T22:05:10","date_gmt":"2024-09-19T20:05:10","guid":{"rendered":"https:\/\/radiostargjilan.com\/web\/?p=181042"},"modified":"2024-09-19T22:06:03","modified_gmt":"2024-09-19T20:06:03","slug":"ldk-i-kunderpergjigjet-alban-hysenit-faji-eshte-i-yti-jo-i-opozites-menaxhimi-yt-ka-deshtuar","status":"publish","type":"post","link":"https:\/\/radiostargjilan.com\/web\/ldk-i-kunderpergjigjet-alban-hysenit-faji-eshte-i-yti-jo-i-opozites-menaxhimi-yt-ka-deshtuar\/","title":{"rendered":"LDK i kund\u00ebrp\u00ebrgjigjet kryetarit t\u00eb Gjilanit, Alban Hyseni: Faji \u00ebsht\u00eb i yti, jo i opozit\u00ebs \u2013 menaxhimi yt ka d\u00ebshtuar!"},"content":{"rendered":"<p>Pas akuzave t\u00eb kryetarit t\u00eb Gjilanit, Alban Hyseni, ndaj LDK-s\u00eb dhe kryesuesit t\u00eb Kuvendit p\u00ebr mosbartjen e buxhetit prej 2.5 milion\u00eb euro, LDK ka reaguar p\u00ebrmes nj\u00eb statusi, duke kund\u00ebrshtuar pretendimet e Hysenit. <\/p>\n<p>N\u00eb reagimin e tyre, LDK thekson se kryetari \u00ebsht\u00eb p\u00ebrgjegj\u00ebs p\u00ebr d\u00ebshtimet dhe p\u00ebr vones\u00ebn e buxhetit, duke n\u00ebnvizuar se ligji ishte i qart\u00eb p\u00ebr dor\u00ebzimin e tij deri m\u00eb 1 shtator. <\/p>\n<p>Ata gjithashtu sugjerojn\u00eb q\u00eb Ministria e Financave t\u00eb nd\u00ebrhyj\u00eb p\u00ebr t\u00eb caktuar nj\u00eb administrator financiar p\u00ebr t\u00eb menaxhuar situat\u00ebn.<\/p>\n<p>Komunikata e plot\u00eb:<\/p>\n<p>Administrator, mos g\u00ebnje!<br \/>\nLigji \u00ebsht\u00eb i qart\u00eb. Buxheti duhej dor\u00ebzuar n\u00eb Kuvend deri me 1 shtator! Mos e faj\u00ebso opozit\u00ebn p\u00ebr d\u00ebshtimet e tua!<br \/>\nShikone se cfar\u00eb thot\u00eb ligji n\u00eb rast se nuk b\u00ebhet dor\u00ebzimi i buxhetit: Ministria e Financave cakton nj\u00eb administrator financiar komunal! <\/p>\n<p>Faji \u00ebsht\u00eb i yti, Alban, jo i opozit\u00ebs.<br \/>\nMenaxhimi yt ka d\u00ebshtuar! <\/p>\n<p>Grupi i K\u00ebshilltar\u00ebve t\u00eb LDK-s\u00eb n\u00eb Gjilan, <\/p>\n<p>19 shtator 2024<\/p>\n","protected":false},"excerpt":{"rendered":"<p>Pas akuzave t\u00eb kryetarit t\u00eb Gjilanit, Alban Hyseni, ndaj LDK-s\u00eb dhe kryesuesit t\u00eb Kuvendit p\u00ebr mosbartjen e buxhetit prej 2.5 milion\u00eb euro, LDK ka reaguar p\u00ebrmes nj\u00eb statusi, duke kund\u00ebrshtuar pretendimet e Hysenit. N\u00eb reagimin e tyre, LDK thekson se kryetari \u00ebsht\u00eb p\u00ebrgjegj\u00ebs p\u00ebr d\u00ebshtimet dhe p\u00ebr vones\u00ebn e buxhetit, duke n\u00ebnvizuar se ligji ishte [&hellip;]<\/p>\n","protected":false},"author":1,"featured_media":181043,"comment_status":"closed","ping_status":"closed","sticky":false,"template":"","format":"standard","meta":{"footnotes":""},"categories":[5],"tags":[],"class_list":{"0":"post-181042","1":"post","2":"type-post","3":"status-publish","4":"format-standard","5":"has-post-thumbnail","7":"category-lajme"},"_links":{"self":[{"href":"https:\/\/radiostargjilan.com\/web\/wp-json\/wp\/v2\/posts\/181042","targetHints":{"allow":["GET"]}}],"collection":[{"href":"https:\/\/radiostargjilan.com\/web\/wp-json\/wp\/v2\/posts"}],"about":[{"href":"https:\/\/radiostargjilan.com\/web\/wp-json\/wp\/v2\/types\/post"}],"author":[{"embeddable":true,"href":"https:\/\/radiostargjilan.com\/web\/wp-json\/wp\/v2\/users\/1"}],"replies":[{"embeddable":true,"href":"https:\/\/radiostargjilan.com\/web\/wp-json\/wp\/v2\/comments?post=181042"}],"version-history":[{"count":0,"href":"https:\/\/radiostargjilan.com\/web\/wp-json\/wp\/v2\/posts\/181042\/revisions"}],"wp:featuredmedia":[{"embeddable":true,"href":"https:\/\/radiostargjilan.com\/web\/wp-json\/wp\/v2\/media\/181043"}],"wp:attachment":[{"href":"https:\/\/radiostargjilan.com\/web\/wp-json\/wp\/v2\/media?parent=181042"}],"wp:term":[{"taxonomy":"category","embeddable":true,"href":"https:\/\/radiostargjilan.com\/web\/wp-json\/wp\/v2\/categories?post=181042"},{"taxonomy":"post_tag","embeddable":true,"href":"https:\/\/radiostargjilan.com\/web\/wp-json\/wp\/v2\/tags?post=181042"}],"curies":[{"name":"wp","href":"https:\/\/api.w.org\/{rel}","templated":true}]}}