{"id":181153,"date":"2024-09-21T18:32:44","date_gmt":"2024-09-21T16:32:44","guid":{"rendered":"https:\/\/radiostargjilan.com\/web\/?p=181153"},"modified":"2024-09-21T18:32:44","modified_gmt":"2024-09-21T16:32:44","slug":"bilali-ekipi-i-gatshem-dhe-me-motiv-per-duelin-e-radhes","status":"publish","type":"post","link":"https:\/\/radiostargjilan.com\/web\/bilali-ekipi-i-gatshem-dhe-me-motiv-per-duelin-e-radhes\/","title":{"rendered":"Bilali: Ekipi i gatsh\u00ebm dhe me motiv p\u00ebr duelin e radh\u00ebs"},"content":{"rendered":"<p>Sabit Bilali \u00ebsht\u00eb paraqitur n\u00eb konferenc\u00ebn p\u00ebr shtyp p\u00ebr t\u00eb folur n\u00eb lidhje me p\u00ebrgatitjet dhe pritshm\u00ebrit\u00eb e skuadr\u00ebs para ndeshjes kampionale ndaj FC Malishev\u00ebs.<\/p>\n<p>Mesfushori i gjilanasve \u00ebsht\u00eb shprehur optimist para k\u00ebtij dueli, derisa ka theksuar se ekipi ka marr\u00eb shum\u00eb vet\u00ebbesim pas fitores s\u00eb realizuar n\u00eb xhiron paraprake ndaj Feronikeli \u201974.<\/p>\n<p>\u201cEkipi \u00ebsht\u00eb i p\u00ebrgatitur maksimalisht p\u00ebr k\u00ebt\u00eb ndeshje. Kemi par\u00eb m\u00ebnyr\u00ebn se si luan kund\u00ebrshtari dhe kemi punuar p\u00ebr m\u00ebnyr\u00ebn se si do t\u00eb luajm\u00eb ne. E dijm\u00eb q\u00eb p\u00ebrball\u00eb kemi nj\u00eb kund\u00ebrshtar t\u00eb v\u00ebshtir\u00eb, por ne jemi t\u00eb p\u00ebrgatitur dhe shpresojm\u00eb q\u00eb do t\u00eb marrim tre pik\u00ebt\u201d, potencoi fillimisht Bilali.<\/p>\n<p>\u201cKemi fituar m\u00eb shum\u00eb vet\u00ebbesim nga fitorja e ndeshjes s\u00eb fundit dhe kjo \u00ebsht\u00eb shum\u00eb pozitive brenda dhomave t\u00eb zhveshjes. Synojm\u00eb t\u00eb vazhdojm\u00eb me k\u00ebt\u00eb rit\u00ebm edhe n\u00eb ndeshjet e radh\u00ebs\u201d, shtoi nd\u00ebr t\u00eb tjerash ai.<\/p>\n<p>27 vje\u00e7ari i cili realizoi gol n\u00eb sfid\u00ebn e fundit kampionale theksoi se e r\u00ebnd\u00ebsishme \u00ebsht\u00eb t\u00eb sh\u00ebnoj ekipi dhe t\u00eb fitoj, para se t\u00eb shikon objektivin personal.<\/p>\n<p>\u201cE r\u00ebnd\u00ebsishme \u00ebsht\u00eb t\u00eb sh\u00ebnoj ekipi dhe t\u00eb fitoj ekipi, ka pak r\u00ebnd\u00ebsi n\u00ebse sh\u00ebnoj un\u00eb, apo asistoj. Un\u00eb do t\u00eb jem gjithmon\u00eb n\u00eb sh\u00ebrbim t\u00eb ekipit\u201d, p\u00ebrfundoi Bilali.<\/p>\n<p>Ballafaqimi nd\u00ebrmjet Malishev\u00ebs dhe Gjilanit zhvillohet t\u00eb dielen m\u00eb 22 Shtator nga ora 15.00. Stadiumi \u201cLiman Gegaj\u201d do jet\u00eb aren\u00eb takimi nd\u00ebrmjet dy skuadrave.<\/p>\n","protected":false},"excerpt":{"rendered":"<p>Sabit Bilali \u00ebsht\u00eb paraqitur n\u00eb konferenc\u00ebn p\u00ebr shtyp p\u00ebr t\u00eb folur n\u00eb lidhje me p\u00ebrgatitjet dhe pritshm\u00ebrit\u00eb e skuadr\u00ebs para ndeshjes kampionale ndaj FC Malishev\u00ebs. Mesfushori i gjilanasve \u00ebsht\u00eb shprehur optimist para k\u00ebtij dueli, derisa ka theksuar se ekipi ka marr\u00eb shum\u00eb vet\u00ebbesim pas fitores s\u00eb realizuar n\u00eb xhiron paraprake ndaj Feronikeli \u201974. \u201cEkipi \u00ebsht\u00eb [&hellip;]<\/p>\n","protected":false},"author":1,"featured_media":181154,"comment_status":"closed","ping_status":"closed","sticky":false,"template":"","format":"standard","meta":{"footnotes":""},"categories":[7],"tags":[],"class_list":{"0":"post-181153","1":"post","2":"type-post","3":"status-publish","4":"format-standard","5":"has-post-thumbnail","7":"category-sports"},"_links":{"self":[{"href":"https:\/\/radiostargjilan.com\/web\/wp-json\/wp\/v2\/posts\/181153","targetHints":{"allow":["GET"]}}],"collection":[{"href":"https:\/\/radiostargjilan.com\/web\/wp-json\/wp\/v2\/posts"}],"about":[{"href":"https:\/\/radiostargjilan.com\/web\/wp-json\/wp\/v2\/types\/post"}],"author":[{"embeddable":true,"href":"https:\/\/radiostargjilan.com\/web\/wp-json\/wp\/v2\/users\/1"}],"replies":[{"embeddable":true,"href":"https:\/\/radiostargjilan.com\/web\/wp-json\/wp\/v2\/comments?post=181153"}],"version-history":[{"count":0,"href":"https:\/\/radiostargjilan.com\/web\/wp-json\/wp\/v2\/posts\/181153\/revisions"}],"wp:featuredmedia":[{"embeddable":true,"href":"https:\/\/radiostargjilan.com\/web\/wp-json\/wp\/v2\/media\/181154"}],"wp:attachment":[{"href":"https:\/\/radiostargjilan.com\/web\/wp-json\/wp\/v2\/media?parent=181153"}],"wp:term":[{"taxonomy":"category","embeddable":true,"href":"https:\/\/radiostargjilan.com\/web\/wp-json\/wp\/v2\/categories?post=181153"},{"taxonomy":"post_tag","embeddable":true,"href":"https:\/\/radiostargjilan.com\/web\/wp-json\/wp\/v2\/tags?post=181153"}],"curies":[{"name":"wp","href":"https:\/\/api.w.org\/{rel}","templated":true}]}}