{"id":181315,"date":"2024-09-23T22:54:09","date_gmt":"2024-09-23T20:54:09","guid":{"rendered":"https:\/\/radiostargjilan.com\/web\/?p=181315"},"modified":"2024-09-23T22:54:09","modified_gmt":"2024-09-23T20:54:09","slug":"shqiptaret-e-lugines-marshojne-per-identitet-dhe-dinjitet-dhe-kunder-diskriminimit","status":"publish","type":"post","link":"https:\/\/radiostargjilan.com\/web\/shqiptaret-e-lugines-marshojne-per-identitet-dhe-dinjitet-dhe-kunder-diskriminimit\/","title":{"rendered":"Shqiptar\u00ebt e Lugin\u00ebs marshojn\u00eb p\u00ebr \u201cidentitet dhe dinjitet\u201d dhe kund\u00ebr diskriminimit"},"content":{"rendered":"<p>Protestues t\u00eb mbledhur n\u00eb sheshin e Bujancit, n\u00eb jug t\u00eb Serbis\u00eb, p\u00ebr t\u00eb demonstruar kund\u00ebr, si\u00e7 thon\u00eb ata, diskriminimit q\u00eb Qeveria serbe po ua b\u00ebn shqiptar\u00ebve, 12 gusht 2024.<\/p>\n<p>Qindra shqiptar\u00eb nga Lugina e Preshev\u00ebs n\u00eb jug t\u00eb Serbis\u00eb kan\u00eb marshuar t\u00eb h\u00ebn\u00ebn, p\u00ebr si\u00e7 than\u00eb ata, kund\u00ebr diskriminimit dhe n\u00eb k\u00ebrkim t\u00eb barazis\u00eb dhe t\u00eb drejtave t\u00eb shqiptar\u00ebve n\u00eb Serbi.<\/p>\n<p>Nj\u00eb nga organizator\u00ebt e marshit tha se \u201cnga k\u00ebtu d\u00ebrguam porosin\u00eb se shqiptar\u00ebt duan barazi, se barazia pa drejt\u00ebsi nuk b\u00ebhet. K\u00ebrkesat e shqiptar\u00ebve jan\u00eb t\u00eb kamotshme, e kamotshme \u00ebsht\u00eb edhe heshtja e shtetit dhe padrejt\u00ebsia q\u00eb po ua b\u00ebn shqiptar\u00ebve\u201d.<\/p>\n<p>Ajo theksoi se k\u00ebrkesat jan\u00eb kthimi i gjykat\u00ebs, zbatimi i marr\u00ebveshejve t\u00eb deritashme, kthimi i adresave t\u00eb shqiptar\u00ebve n\u00eb Preshev\u00eb, Bujanoc dhe Medvegj\u00eb, njohja e diplomave shkollore dhe integrimi i shqiptar\u00ebve n\u00eb organet shtet\u00ebrore.<\/p>\n<p>T\u00eb veshur me fanella me mbishkrimin \u201cP\u00ebr identitet dhe dinjitet\u201d, marshuesit kaluan n\u00ebp\u00ebr qendr\u00ebn e qytetit t\u00eb Preshev\u00ebs pran\u00eb institucioneve duke mbajtur pankarta me thirrjet si: \u201cStop pasivizmit selektiv\u201d, \u201cDuam libra shqip\u201d dhe \u201cKthema adres\u00ebn\u201d.<\/p>\n<p>Marshuesit, t\u00eb cil\u00ebve u prin\u00eb p\u00ebrfaq\u00ebsuesi i vet\u00ebm i shqiptar\u00ebve n\u00eb Parlamentin e Serbis\u00eb, Shaip Kamberi dhe kryetarja e Preshev\u00ebs, Ardita Siani, u ndal\u00ebn pran\u00eb nd\u00ebrtes\u00ebs s\u00eb Komun\u00ebs s\u00eb Preshev\u00ebs, ku u k\u00ebndua himni komb\u00ebtar shqiptar.<\/p>\n<p>Kjo \u00ebsht\u00eb protesta e dyt\u00eb e shqiptar\u00ebve t\u00eb Lugin\u00ebs n\u00eb dy muajt e fundit, pas asaj n\u00eb Bujanoc n\u00eb gusht.<\/p>\n<p>Serbia e ka mohuar vazhdimisht se shqiptar\u00ebt n\u00eb k\u00ebt\u00eb vend jan\u00eb t\u00eb diskriminuar.<\/p>\n<p>Presidenti i Serbis\u00eb, Aleksandar Vu\u00e7iq, gjat\u00eb nj\u00eb adresimi p\u00ebr gazetar\u00eb m\u00eb 23 shtator n\u00eb Nju Jork, tha se Serbia \u00ebsht\u00eb gati t\u00eb veproj\u00eb n\u00eb m\u00ebnyr\u00eb t\u00eb p\u00ebrgjegjshme dhe t\u00eb ndihmoj\u00eb shqiptar\u00ebt q\u00eb jetojn\u00eb n\u00eb jug t\u00eb Serbis\u00eb \u201cp\u00ebr t\u00eb nd\u00ebrtuar shkolla dhe gjith\u00e7ka tjet\u00ebr\u201d.<\/p>\n<p>\u201cAskush nuk po i rrah, nuk po i ngacmon apo di\u00e7ka tjet\u00ebr. Serbia \u00ebsht\u00eb shtet demokratik dhe ne do t\u00eb vazhdojm\u00eb t\u00eb sillemi n\u00eb k\u00ebt\u00eb m\u00ebnyr\u00eb\u201d, tha Vu\u00e7iq n\u00eb p\u00ebrgjigje t\u00eb pyetjes s\u00eb gazetar\u00ebve lidhur me protest\u00ebn.<\/p>\n<p>Ai shtoi se \u201cata [shqiptar\u00ebt] po protestojn\u00eb sepse tani forcat e [kryeministrit t\u00eb Kosov\u00ebs, Albin] Kurti nuk arrit\u00ebn t\u00eb formojn\u00eb nj\u00eb koalicion t\u00eb pavarur qeveris\u00ebs, pik\u00eb s\u00eb pari n\u00eb Bujanoc\u201d.<\/p>\n<p>\u201cKy \u00ebsht\u00eb problemi i tyre kryesor\u201d, tha Vu\u00e7iq.<\/p>\n<p>Sipas regjistrimit t\u00eb fundit t\u00eb popullsis\u00eb, shqiptar\u00ebt jan\u00eb pakica e kat\u00ebrt m\u00eb e madhe n\u00eb Serbi, p\u00ebrkat\u00ebsisht n\u00eb k\u00ebt\u00eb shtet jetojn\u00eb 61.687 shqiptar\u00eb.<\/p>\n<p>P\u00ebrfaq\u00ebsuesit e Preshev\u00ebs, Medvegj\u00ebs dhe Bujanocit \u2013 komuna q\u00eb njihen edhe me termin Lugina e Preshev\u00ebs \u2013 shpesh jan\u00eb ankuar se diskriminohen nga autoritetet n\u00eb Serbi.<\/p>\n<p>Nj\u00eb problem me t\u00eb cilin p\u00ebrballet shqiptar\u00ebt e Lugin\u00ebs s\u00eb Preshev\u00ebs \u00ebsht\u00eb edhe mosnjohja e diplomave universitare t\u00eb fituara n\u00eb Kosov\u00eb, pavar\u00ebsisht se Kosova dhe Serbia kan\u00eb arritur marr\u00ebveshje p\u00ebr k\u00ebt\u00eb n\u00eb dialogun e nd\u00ebrmjet\u00ebsuar nga Bashkimi Evropian.<\/p>\n<p>M\u00eb 2020 Kosova dhe Serbia e ritheksuan p\u00ebrkushtimin e tyre p\u00ebr njohjen e diplomave dhe certifikatave profesionale, por deri tani nuk jan\u00eb b\u00ebr\u00eb hapa p\u00ebr zbatimin e tyre.<\/p>\n<p>Nd\u00ebrkaq, n\u00eb fund t\u00eb vitit t\u00eb kaluar, shqiptar\u00ebt u Lugin\u00ebs u ankuan edhe p\u00ebr nj\u00eb rritje t\u00eb numrit t\u00eb \u00e7aktivizimit t\u00eb adresave t\u00eb tyre nga policia serbe, duke e akuzuar at\u00eb se i ka fshir\u00eb ato n\u00eb m\u00ebnyr\u00eb t\u00eb paligjshme, p\u00ebr t\u2019ua mohuar t\u00eb drejtat elementare.<\/p>\n<p>Problemi i \u00e7aktivizimit t\u00eb adresave \u00ebsht\u00eb p\u00ebrmendur n\u00eb raportin e Komisionit Evropian p\u00ebr Serbin\u00eb m\u00eb 2022, n\u00eb pjes\u00ebn q\u00eb ka t\u00eb b\u00ebj\u00eb me respektimin e t\u00eb drejtave t\u00eb pakicave.<\/p>\n<p>Pas protest\u00ebs s\u00eb gushtit n\u00eb Bujanoc, Qeveria e Serbis\u00eb, kishte th\u00ebn\u00eb se ajo ishte p\u00ebrpjekje e Qeveris\u00eb s\u00eb Kosov\u00ebs, t\u00eb udh\u00ebhequr nga Albin Kurti \u201cp\u00ebr t\u00eb destabilizuar rajonin\u201d.<\/p>\n<p>Qeveria serbe i kishte hedhur posht\u00eb akuzat e deputetit Kamberi p\u00ebr diskriminimin e shqiptar\u00ebve dhe p\u00ebr p\u00ebrfaq\u00ebsim t\u00eb pamjaftuesh\u00ebm n\u00eb institucione duke th\u00ebn\u00eb se nuk q\u00ebndrojn\u00eb.<\/p>\n<p>M\u00eb 2001 ishte arritur nj\u00eb marr\u00ebveshje e njohur si Marr\u00ebveshja e Kon\u00e7ulit p\u00ebr \u00e7militarizim e Ushtris\u00eb \u00c7lirimtare t\u00eb Preshev\u00ebs, Medvegj\u00ebs dhe Bujanocit (U\u00c7PMB) dhe p\u00ebr integrimin e pakic\u00ebs shqiptare n\u00ebp\u00ebrmjet nj\u00eb procesi demokratik.<\/p>\n<p>N\u00eb korrik t\u00eb vitit 2013, Qeveria e presidentit Aleksandar Vu\u00e7iq e miratoi planin shtat\u00ebpik\u00ebsh, i cili ishte pothuajse i nj\u00ebjt\u00eb si marr\u00ebveshjet e m\u00ebparshme.<\/p>\n<p>Qeveria serbe tha n\u00eb gusht se ai plan u nd\u00ebrpre nga deputeti i at\u00ebhersh\u00ebm shqiptar n\u00eb Kuvendin serb, Riza Halimi, n\u00eb n\u00ebntor t\u00eb vitit 2013. \/REL<\/p>\n","protected":false},"excerpt":{"rendered":"<p>Protestues t\u00eb mbledhur n\u00eb sheshin e Bujancit, n\u00eb jug t\u00eb Serbis\u00eb, p\u00ebr t\u00eb demonstruar kund\u00ebr, si\u00e7 thon\u00eb ata, diskriminimit q\u00eb Qeveria serbe po ua b\u00ebn shqiptar\u00ebve, 12 gusht 2024. Qindra shqiptar\u00eb nga Lugina e Preshev\u00ebs n\u00eb jug t\u00eb Serbis\u00eb kan\u00eb marshuar t\u00eb h\u00ebn\u00ebn, p\u00ebr si\u00e7 than\u00eb ata, kund\u00ebr diskriminimit dhe n\u00eb k\u00ebrkim t\u00eb barazis\u00eb dhe [&hellip;]<\/p>\n","protected":false},"author":1,"featured_media":181316,"comment_status":"closed","ping_status":"closed","sticky":false,"template":"","format":"standard","meta":{"footnotes":""},"categories":[5],"tags":[],"class_list":{"0":"post-181315","1":"post","2":"type-post","3":"status-publish","4":"format-standard","5":"has-post-thumbnail","7":"category-lajme"},"_links":{"self":[{"href":"https:\/\/radiostargjilan.com\/web\/wp-json\/wp\/v2\/posts\/181315","targetHints":{"allow":["GET"]}}],"collection":[{"href":"https:\/\/radiostargjilan.com\/web\/wp-json\/wp\/v2\/posts"}],"about":[{"href":"https:\/\/radiostargjilan.com\/web\/wp-json\/wp\/v2\/types\/post"}],"author":[{"embeddable":true,"href":"https:\/\/radiostargjilan.com\/web\/wp-json\/wp\/v2\/users\/1"}],"replies":[{"embeddable":true,"href":"https:\/\/radiostargjilan.com\/web\/wp-json\/wp\/v2\/comments?post=181315"}],"version-history":[{"count":0,"href":"https:\/\/radiostargjilan.com\/web\/wp-json\/wp\/v2\/posts\/181315\/revisions"}],"wp:featuredmedia":[{"embeddable":true,"href":"https:\/\/radiostargjilan.com\/web\/wp-json\/wp\/v2\/media\/181316"}],"wp:attachment":[{"href":"https:\/\/radiostargjilan.com\/web\/wp-json\/wp\/v2\/media?parent=181315"}],"wp:term":[{"taxonomy":"category","embeddable":true,"href":"https:\/\/radiostargjilan.com\/web\/wp-json\/wp\/v2\/categories?post=181315"},{"taxonomy":"post_tag","embeddable":true,"href":"https:\/\/radiostargjilan.com\/web\/wp-json\/wp\/v2\/tags?post=181315"}],"curies":[{"name":"wp","href":"https:\/\/api.w.org\/{rel}","templated":true}]}}