{"id":181398,"date":"2024-09-24T20:03:09","date_gmt":"2024-09-24T18:03:09","guid":{"rendered":"https:\/\/radiostargjilan.com\/web\/?p=181398"},"modified":"2024-09-24T20:03:09","modified_gmt":"2024-09-24T18:03:09","slug":"hasan-gomda-i-nenshtrohet-me-sukses-operacionit-pritet-rikthim-i-shpejte-ne-fushe","status":"publish","type":"post","link":"https:\/\/radiostargjilan.com\/web\/hasan-gomda-i-nenshtrohet-me-sukses-operacionit-pritet-rikthim-i-shpejte-ne-fushe\/","title":{"rendered":"Hasan Gomda i n\u00ebnshtrohet me sukses operacionit, pritet rikthim i shpejt\u00eb n\u00eb fush\u00eb"},"content":{"rendered":"<p>Lojtari i FC Drit\u00ebs, Hasan Gomda, ka kaluar me sukses nj\u00eb operacion t\u00eb r\u00ebnd\u00ebsish\u00ebm pas nj\u00eb l\u00ebndimi serioz t\u00eb p\u00ebsuar gjat\u00eb ndeshjes me FC Ferizaj. <\/p>\n<p>Operacioni ishte i domosdosh\u00ebm pas k\u00ebputjes s\u00eb ligamentit kryq\u00ebzor t\u00eb gjurit (ACL), dhe sipas raportit mjek\u00ebsor, gjith\u00e7ka ka shkuar n\u00eb m\u00ebnyr\u00ebn m\u00eb t\u00eb mir\u00eb t\u00eb mundshme thuhet n\u00eb komunikat\u00ebn e klubit gjilanas.<\/p>\n<p>Komunikata e plot\u00eb:<\/p>\n<p>Operohet Hasan Gomda<\/p>\n<p>Sot ka kaluar me sukses\u00eb operimi i lojtarit ton\u00eb Hasan Gomda. Sipas raportit mjek\u00ebsor operacioni ka shkuar n\u00eb m\u00ebnyr\u00ebn m\u00eb t\u00eb mir\u00eb t\u00eb mundshme.<br \/>\nGomda kishte p\u00ebsuar nj\u00eb l\u00ebndim t\u00eb r\u00ebnd\u00eb n\u00eb ndeshjen me FC Ferizaj duke k\u00ebputur ACL ligamentin kryq\u00ebzor.<\/p>\n<p>Gomda nes\u00ebr do t\u00eb lirohet nga spitali dhe pas disa dit\u00ebsh do t\u00eb filloj\u00eb pun\u00ebn p\u00ebr rehabilitimin e gjurit dhe n\u00ebse gjithqka shkon sipas planit ai mund t\u00eb kthehet m\u00eb her\u00ebt se q\u00eb \u00ebsht\u00eb menduar.<br \/>\nKthimi i tij n\u00eb aksion mund t\u00eb jet\u00eb n\u00eb fund t\u00eb muajti janar ose n\u00eb fillim t\u00eb muajit shkurt.<\/p>\n<p>Shpresojm\u00eb q\u00eb gjithqka t\u00eb shkoj\u00eb mir\u00eb dhe Hasani t\u00eb kthehet edhe m\u00eb i fort\u00eb.<\/p>\n<p>Get well soon Hasan\ud83e\udd0d<\/p>\n","protected":false},"excerpt":{"rendered":"<p>Lojtari i FC Drit\u00ebs, Hasan Gomda, ka kaluar me sukses nj\u00eb operacion t\u00eb r\u00ebnd\u00ebsish\u00ebm pas nj\u00eb l\u00ebndimi serioz t\u00eb p\u00ebsuar gjat\u00eb ndeshjes me FC Ferizaj. Operacioni ishte i domosdosh\u00ebm pas k\u00ebputjes s\u00eb ligamentit kryq\u00ebzor t\u00eb gjurit (ACL), dhe sipas raportit mjek\u00ebsor, gjith\u00e7ka ka shkuar n\u00eb m\u00ebnyr\u00ebn m\u00eb t\u00eb mir\u00eb t\u00eb mundshme thuhet n\u00eb komunikat\u00ebn e [&hellip;]<\/p>\n","protected":false},"author":1,"featured_media":181399,"comment_status":"closed","ping_status":"closed","sticky":false,"template":"","format":"standard","meta":{"footnotes":""},"categories":[5],"tags":[],"class_list":{"0":"post-181398","1":"post","2":"type-post","3":"status-publish","4":"format-standard","5":"has-post-thumbnail","7":"category-lajme"},"_links":{"self":[{"href":"https:\/\/radiostargjilan.com\/web\/wp-json\/wp\/v2\/posts\/181398","targetHints":{"allow":["GET"]}}],"collection":[{"href":"https:\/\/radiostargjilan.com\/web\/wp-json\/wp\/v2\/posts"}],"about":[{"href":"https:\/\/radiostargjilan.com\/web\/wp-json\/wp\/v2\/types\/post"}],"author":[{"embeddable":true,"href":"https:\/\/radiostargjilan.com\/web\/wp-json\/wp\/v2\/users\/1"}],"replies":[{"embeddable":true,"href":"https:\/\/radiostargjilan.com\/web\/wp-json\/wp\/v2\/comments?post=181398"}],"version-history":[{"count":0,"href":"https:\/\/radiostargjilan.com\/web\/wp-json\/wp\/v2\/posts\/181398\/revisions"}],"wp:featuredmedia":[{"embeddable":true,"href":"https:\/\/radiostargjilan.com\/web\/wp-json\/wp\/v2\/media\/181399"}],"wp:attachment":[{"href":"https:\/\/radiostargjilan.com\/web\/wp-json\/wp\/v2\/media?parent=181398"}],"wp:term":[{"taxonomy":"category","embeddable":true,"href":"https:\/\/radiostargjilan.com\/web\/wp-json\/wp\/v2\/categories?post=181398"},{"taxonomy":"post_tag","embeddable":true,"href":"https:\/\/radiostargjilan.com\/web\/wp-json\/wp\/v2\/tags?post=181398"}],"curies":[{"name":"wp","href":"https:\/\/api.w.org\/{rel}","templated":true}]}}