{"id":181628,"date":"2024-09-27T21:40:16","date_gmt":"2024-09-27T19:40:16","guid":{"rendered":"https:\/\/radiostargjilan.com\/web\/?p=181628"},"modified":"2024-09-27T21:40:16","modified_gmt":"2024-09-27T19:40:16","slug":"mumin-morina-i-bashkohet-aak-se","status":"publish","type":"post","link":"https:\/\/radiostargjilan.com\/web\/mumin-morina-i-bashkohet-aak-se\/","title":{"rendered":"Mumin Morina i bashkohet AAK-s\u00eb"},"content":{"rendered":"<p>Lideri i Aleanc\u00ebs p\u00ebr Ardhm\u00ebrin\u00eb e Kosov\u00ebs (AAK), Ramush Haradinaj ka b\u00ebr\u00eb me dije se Mumin Morina iu \u00ebsht\u00eb bashkuar k\u00ebtij subjekti politik dhe se pret me padurim kontributin e tij t\u00eb \u00e7muar n\u00eb AAK dhe n\u00eb zhvillimin e Kosov\u00ebs.<\/p>\n<p>Ja postimi i tij i plot\u00eb:<br \/>\nMe k\u00ebnaq\u00ebsi t\u00eb madhe, ju njoftoj bashkimin e z. Mumin Morina me Aleanc\u00ebn p\u00ebr Ardhm\u00ebrin\u00eb e Kosov\u00ebs.<\/p>\n<p>Z. Morina \u00ebsht\u00eb nga Gjilani dhe sjell me vete nj\u00eb pasuri t\u00eb jasht\u00ebzakonshme eksperience n\u00eb fush\u00ebn e inxhinieris\u00eb hidroteknike. Me m\u00eb shum\u00eb se 25 vjet p\u00ebrvoj\u00eb n\u00eb projektimin, zhvillimin dhe menaxhimin e projekteve t\u00eb infrastruktur\u00ebs hidroteknike, ai p\u00ebrfaq\u00ebson pik\u00ebrisht at\u00eb lloj ekspertize q\u00eb Kosova ka nevoj\u00eb p\u00ebr t\u00eb p\u00ebrparuar.<\/p>\n<p>Arsimimi dhe p\u00ebrvoja e tij, e b\u00ebjn\u00eb at\u00eb nj\u00eb aset t\u00eb \u00e7muar p\u00ebr partin\u00eb ton\u00eb dhe p\u00ebr vendin. P\u00ebrvoja e tij profesionale, ve\u00e7an\u00ebrisht si Drejtor Teknik Rajonal n\u00eb KRU \u201cHidromorava\u201d Gjilan dhe si Hidroinxhinier Kryesor n\u00eb \u201cHidroteknika\u201d Gjilan, d\u00ebshmon aft\u00ebsit\u00eb e tij t\u00eb jasht\u00ebzakonshme menaxheriale dhe teknike. Shto k\u00ebsaj edhe standardet e tij t\u00eb larta etike n\u00eb vendimmarrje dhe njohurit\u00eb e thella mbi p\u00ebrputhshm\u00ebrin\u00eb ligjore dhe ambientale.<\/p>\n<p>Me an\u00ebtar\u00ebsimin e z. Morina n\u00eb AAK, ne forcojm\u00eb edhe m\u00eb shum\u00eb kapacitetet tona p\u00ebr t\u00eb adresuar sfidat infrastrukturore t\u00eb Kosov\u00ebs. Kjo, nisur nga gatishm\u00ebria q\u00eb vet ai e shprehu n\u00eb takimin ton\u00eb sot.<\/p>\n<p>N\u00eb em\u00ebr t\u00eb AAK-s\u00eb, i uroj mir\u00ebseardhjen z. Mumin Morina dhe pres me padurim kontributin e tij t\u00eb \u00e7muar n\u00eb partin\u00eb ton\u00eb dhe n\u00eb zhvillimin e Kosov\u00ebs.<\/p>\n","protected":false},"excerpt":{"rendered":"<p>Lideri i Aleanc\u00ebs p\u00ebr Ardhm\u00ebrin\u00eb e Kosov\u00ebs (AAK), Ramush Haradinaj ka b\u00ebr\u00eb me dije se Mumin Morina iu \u00ebsht\u00eb bashkuar k\u00ebtij subjekti politik dhe se pret me padurim kontributin e tij t\u00eb \u00e7muar n\u00eb AAK dhe n\u00eb zhvillimin e Kosov\u00ebs. Ja postimi i tij i plot\u00eb: Me k\u00ebnaq\u00ebsi t\u00eb madhe, ju njoftoj bashkimin e z. [&hellip;]<\/p>\n","protected":false},"author":1,"featured_media":181629,"comment_status":"closed","ping_status":"closed","sticky":false,"template":"","format":"standard","meta":{"footnotes":""},"categories":[5],"tags":[],"class_list":{"0":"post-181628","1":"post","2":"type-post","3":"status-publish","4":"format-standard","5":"has-post-thumbnail","7":"category-lajme"},"_links":{"self":[{"href":"https:\/\/radiostargjilan.com\/web\/wp-json\/wp\/v2\/posts\/181628","targetHints":{"allow":["GET"]}}],"collection":[{"href":"https:\/\/radiostargjilan.com\/web\/wp-json\/wp\/v2\/posts"}],"about":[{"href":"https:\/\/radiostargjilan.com\/web\/wp-json\/wp\/v2\/types\/post"}],"author":[{"embeddable":true,"href":"https:\/\/radiostargjilan.com\/web\/wp-json\/wp\/v2\/users\/1"}],"replies":[{"embeddable":true,"href":"https:\/\/radiostargjilan.com\/web\/wp-json\/wp\/v2\/comments?post=181628"}],"version-history":[{"count":0,"href":"https:\/\/radiostargjilan.com\/web\/wp-json\/wp\/v2\/posts\/181628\/revisions"}],"wp:featuredmedia":[{"embeddable":true,"href":"https:\/\/radiostargjilan.com\/web\/wp-json\/wp\/v2\/media\/181629"}],"wp:attachment":[{"href":"https:\/\/radiostargjilan.com\/web\/wp-json\/wp\/v2\/media?parent=181628"}],"wp:term":[{"taxonomy":"category","embeddable":true,"href":"https:\/\/radiostargjilan.com\/web\/wp-json\/wp\/v2\/categories?post=181628"},{"taxonomy":"post_tag","embeddable":true,"href":"https:\/\/radiostargjilan.com\/web\/wp-json\/wp\/v2\/tags?post=181628"}],"curies":[{"name":"wp","href":"https:\/\/api.w.org\/{rel}","templated":true}]}}