{"id":181707,"date":"2024-09-28T19:28:25","date_gmt":"2024-09-28T17:28:25","guid":{"rendered":"https:\/\/radiostargjilan.com\/web\/?p=181707"},"modified":"2024-09-28T19:28:25","modified_gmt":"2024-09-28T17:28:25","slug":"ldk-ne-gjilan-mandatin-po-e-perfundojne-por-uren-e-badovcit-jo","status":"publish","type":"post","link":"https:\/\/radiostargjilan.com\/web\/ldk-ne-gjilan-mandatin-po-e-perfundojne-por-uren-e-badovcit-jo\/","title":{"rendered":"LDK n\u00eb Gjilan: Mandatin po e p\u00ebrfundojn\u00eb, por ur\u00ebn e Badovcit jo"},"content":{"rendered":"<p>3 vite q\u00eb nga prishja e saj dhe ende ura e Badovcit nuk \u00ebsht\u00eb rregulluar dhe l\u00ebshuar p\u00ebr qarkullim. Kjo qeverisje ka d\u00ebshtuar me investime kapitale n\u00eb t\u00eb gjith\u00eb Kosov\u00ebn, e m\u00eb s\u00eb shumti n\u00eb Anamorav\u00eb. <\/p>\n<p>Cfar\u00eb pritet nga nj\u00eb qeverisje qe nuk \u00ebsht\u00eb n\u00eb gjendje p\u00ebr nj\u00eb mandat ta p\u00ebrfundoj\u00eb nj\u00eb ur\u00eb 38 metra?!<br \/>\nImagjinoni Autostrad\u00ebn, Impiantin e Uj\u00ebrave t\u00eb Zeza, Stadiumin e Qytetit\u2026 <\/p>\n<p>Zgjedhjet jan\u00eb af\u00ebr, dhe p\u00ebr fushat\u00eb k\u00ebta deputet\u00eb, ministra e z\u00ebvend\u00ebs ministra, s\u00eb bashku me liderin e tyre do t\u00eb vin\u00eb n\u00eb Gjilan. Natyrsh\u00ebm, do t\u00eb duhej t\u00eb kalonin nga Ura e Badovcit apo nga Autostrada e Gjilanit. Nuk do t\u00eb kalojn\u00eb nga asnj\u00ebra! <\/p>\n<p>Andaj, ky turp t\u00eb ju vij\u00eb r\u00ebnd\u00eb mbi supe, sepse qytetar\u00ebt e Anamorav\u00ebs nuk do ua pranojn\u00eb leht\u00eb k\u00ebt\u00eb mashtrim e zhg\u00ebnjim! <\/p>\n<p>Autostrada e Gjilanit \u00ebsht\u00eb nisur n\u00eb qeverisjen e LDK-s\u00eb, me LDK-n\u00eb do t\u00eb p\u00ebrfundoj\u00eb!<br \/>\nHyrje-daljet e qytetit jan\u00eb nisur n\u00eb qeverisjen e LDK-s\u00eb, me LDK-n\u00eb do t\u00eb p\u00ebrfundojn\u00eb!<br \/>\nStadiumi i Qytetit \u00ebsht\u00eb nisur me qeverisjen e LDK-s\u00eb, me LDK-n\u00eb do t\u00eb p\u00ebrfundoj\u00eb! <\/p>\n<p>Projektet e m\u00ebdha t\u00eb Anamorav\u00ebs i ka sjellur Lidhja Demokratike e Kosov\u00ebs! <\/p>\n<p>Gjilanasit nuk harrojn\u00eb, Gjilani nuk \u00ebsht\u00eb ve\u00e7 p\u00ebr vota!<\/p>\n","protected":false},"excerpt":{"rendered":"<p>3 vite q\u00eb nga prishja e saj dhe ende ura e Badovcit nuk \u00ebsht\u00eb rregulluar dhe l\u00ebshuar p\u00ebr qarkullim. Kjo qeverisje ka d\u00ebshtuar me investime kapitale n\u00eb t\u00eb gjith\u00eb Kosov\u00ebn, e m\u00eb s\u00eb shumti n\u00eb Anamorav\u00eb. Cfar\u00eb pritet nga nj\u00eb qeverisje qe nuk \u00ebsht\u00eb n\u00eb gjendje p\u00ebr nj\u00eb mandat ta p\u00ebrfundoj\u00eb nj\u00eb ur\u00eb 38 metra?! [&hellip;]<\/p>\n","protected":false},"author":1,"featured_media":181708,"comment_status":"closed","ping_status":"closed","sticky":false,"template":"","format":"standard","meta":{"footnotes":""},"categories":[5],"tags":[],"class_list":{"0":"post-181707","1":"post","2":"type-post","3":"status-publish","4":"format-standard","5":"has-post-thumbnail","7":"category-lajme"},"_links":{"self":[{"href":"https:\/\/radiostargjilan.com\/web\/wp-json\/wp\/v2\/posts\/181707","targetHints":{"allow":["GET"]}}],"collection":[{"href":"https:\/\/radiostargjilan.com\/web\/wp-json\/wp\/v2\/posts"}],"about":[{"href":"https:\/\/radiostargjilan.com\/web\/wp-json\/wp\/v2\/types\/post"}],"author":[{"embeddable":true,"href":"https:\/\/radiostargjilan.com\/web\/wp-json\/wp\/v2\/users\/1"}],"replies":[{"embeddable":true,"href":"https:\/\/radiostargjilan.com\/web\/wp-json\/wp\/v2\/comments?post=181707"}],"version-history":[{"count":0,"href":"https:\/\/radiostargjilan.com\/web\/wp-json\/wp\/v2\/posts\/181707\/revisions"}],"wp:featuredmedia":[{"embeddable":true,"href":"https:\/\/radiostargjilan.com\/web\/wp-json\/wp\/v2\/media\/181708"}],"wp:attachment":[{"href":"https:\/\/radiostargjilan.com\/web\/wp-json\/wp\/v2\/media?parent=181707"}],"wp:term":[{"taxonomy":"category","embeddable":true,"href":"https:\/\/radiostargjilan.com\/web\/wp-json\/wp\/v2\/categories?post=181707"},{"taxonomy":"post_tag","embeddable":true,"href":"https:\/\/radiostargjilan.com\/web\/wp-json\/wp\/v2\/tags?post=181707"}],"curies":[{"name":"wp","href":"https:\/\/api.w.org\/{rel}","templated":true}]}}