{"id":181710,"date":"2024-09-28T19:38:53","date_gmt":"2024-09-28T17:38:53","guid":{"rendered":"https:\/\/radiostargjilan.com\/web\/?p=181710"},"modified":"2024-09-28T19:56:33","modified_gmt":"2024-09-28T17:56:33","slug":"lajm-i-trishte-ndahet-nga-jeta-reshat-behluli-ish-sekretar-i-gjimnazit-shoqeror-zenel-hajdini","status":"publish","type":"post","link":"https:\/\/radiostargjilan.com\/web\/lajm-i-trishte-ndahet-nga-jeta-reshat-behluli-ish-sekretar-i-gjimnazit-shoqeror-zenel-hajdini\/","title":{"rendered":"Lajm i trisht\u00eb: Ndahet nga jeta Reshat Behluli, ish-sekretar i Gjimnazit Shoq\u00ebror \u201cZenel Hajdini\u201d"},"content":{"rendered":"<p>Ish-sekretari dhe veterani i arsimit, Reshat Behluli, \u00ebsht\u00eb ndar\u00eb nga jeta sot, raporton Radio Star. <\/p>\n<p>Lajmin e hidhur p\u00ebr vdekjen e tij e kan\u00eb dh\u00ebn\u00eb familjar\u00ebt p\u00ebrmes postimeve n\u00eb rrjete sociale.<\/p>\n<p>Ndarja nga jeta e ish-sekretarit t\u00eb Gjimnazit Shoq\u00ebror \u201cZenel Hajdini\u201d, Reshat Behluli, ka prekur t\u00eb gjith\u00eb miqt\u00eb, familjen, t\u00eb af\u00ebrmit, bashk\u00ebpun\u00ebtor\u00ebt, bashk\u00ebmoshatar\u00ebt, dhe personalitete t\u00eb vendit, t\u00eb cil\u00ebt e kan\u00eb njohur p\u00ebr kontributin e dh\u00ebn\u00eb duke reaguar me dhimbje p\u00ebr ikjen e parakohshme t\u00eb njeriut t\u00eb tyre t\u00eb dashur, kolegut t\u00eb nderuar, q\u00eb me shembullin e tij la gjurm\u00eb n\u00eb memorien e gjithsecilit q\u00eb e njohu.<\/p>\n<p>Reshat Behluli ishte i lindur n\u00eb vitin 1958 n\u00eb fshatin Renatos t\u00eb Komun\u00ebs s\u00eb Preshev\u00ebs. Disa klasa t\u00eb fillores i kishte p\u00ebrfunduar n\u00eb shkoll\u00ebn e fshatit Maxhere e m\u00eb pas edhe n\u00eb Renatoc si dhe n\u00eb Preshev\u00eb, ku mbaroi edhe shkollimin e mes\u00ebm. Ai ka mbarur studimet n\u00eb Fakultetin Juridik t\u00eb Prishtin\u00ebs dhe pas luft\u00ebs, q\u00eb nga viti 2004 ka punuar n\u00eb Gjimnazin \u201cZenel Hajdini\u201d n\u00eb Gjilan, ku edhe ishte pensionuar.<\/p>\n<p>Ai \u00ebsht\u00eb shquar si nj\u00eb pun\u00ebtor i madh dhe i gatsh\u00ebm q\u00eb t\u00eb jet\u00eb n\u00eb sh\u00ebrbim t\u00eb t\u00eb gjith\u00ebve dhe edhe gjat\u00eb nd\u00ebrtimit t\u00eb ri atij Natyror \u201cXhavit Ahmeti\u201d, ai kishte p\u00ebrcjell\u00eb punimet deri n\u00eb p\u00ebrfundim.<\/p>\n<p>Familjar\u00ebt me koh\u00eb do t\u00eb njoftojn\u00eb p\u00ebr varrimin e t\u00eb ndjerit.<\/p>\n","protected":false},"excerpt":{"rendered":"<p>Ish-sekretari dhe veterani i arsimit, Reshat Behluli, \u00ebsht\u00eb ndar\u00eb nga jeta sot, raporton Radio Star. Lajmin e hidhur p\u00ebr vdekjen e tij e kan\u00eb dh\u00ebn\u00eb familjar\u00ebt p\u00ebrmes postimeve n\u00eb rrjete sociale. Ndarja nga jeta e ish-sekretarit t\u00eb Gjimnazit Shoq\u00ebror \u201cZenel Hajdini\u201d, Reshat Behluli, ka prekur t\u00eb gjith\u00eb miqt\u00eb, familjen, t\u00eb af\u00ebrmit, bashk\u00ebpun\u00ebtor\u00ebt, bashk\u00ebmoshatar\u00ebt, dhe personalitete [&hellip;]<\/p>\n","protected":false},"author":1,"featured_media":181711,"comment_status":"closed","ping_status":"closed","sticky":false,"template":"","format":"standard","meta":{"footnotes":""},"categories":[5],"tags":[],"class_list":{"0":"post-181710","1":"post","2":"type-post","3":"status-publish","4":"format-standard","5":"has-post-thumbnail","7":"category-lajme"},"_links":{"self":[{"href":"https:\/\/radiostargjilan.com\/web\/wp-json\/wp\/v2\/posts\/181710","targetHints":{"allow":["GET"]}}],"collection":[{"href":"https:\/\/radiostargjilan.com\/web\/wp-json\/wp\/v2\/posts"}],"about":[{"href":"https:\/\/radiostargjilan.com\/web\/wp-json\/wp\/v2\/types\/post"}],"author":[{"embeddable":true,"href":"https:\/\/radiostargjilan.com\/web\/wp-json\/wp\/v2\/users\/1"}],"replies":[{"embeddable":true,"href":"https:\/\/radiostargjilan.com\/web\/wp-json\/wp\/v2\/comments?post=181710"}],"version-history":[{"count":0,"href":"https:\/\/radiostargjilan.com\/web\/wp-json\/wp\/v2\/posts\/181710\/revisions"}],"wp:featuredmedia":[{"embeddable":true,"href":"https:\/\/radiostargjilan.com\/web\/wp-json\/wp\/v2\/media\/181711"}],"wp:attachment":[{"href":"https:\/\/radiostargjilan.com\/web\/wp-json\/wp\/v2\/media?parent=181710"}],"wp:term":[{"taxonomy":"category","embeddable":true,"href":"https:\/\/radiostargjilan.com\/web\/wp-json\/wp\/v2\/categories?post=181710"},{"taxonomy":"post_tag","embeddable":true,"href":"https:\/\/radiostargjilan.com\/web\/wp-json\/wp\/v2\/tags?post=181710"}],"curies":[{"name":"wp","href":"https:\/\/api.w.org\/{rel}","templated":true}]}}