{"id":181925,"date":"2024-10-01T17:13:13","date_gmt":"2024-10-01T15:13:13","guid":{"rendered":"https:\/\/radiostargjilan.com\/web\/?p=181925"},"modified":"2024-10-01T17:13:13","modified_gmt":"2024-10-01T15:13:13","slug":"fc-drita-shpall-lojtarin-e-muajit-shtator","status":"publish","type":"post","link":"https:\/\/radiostargjilan.com\/web\/fc-drita-shpall-lojtarin-e-muajit-shtator\/","title":{"rendered":"FC Drita shpall lojtarin e muajit shtator"},"content":{"rendered":"<p>FC Drita ka shpallur Albert Dabiqajn si lojtarin m\u00eb t\u00eb mir\u00eb p\u00ebr muajin shtator, pas nj\u00eb gare t\u00eb ngusht\u00eb me dy bashk\u00eblojtar\u00eb t\u00eb tij.<\/p>\n<p>N\u00eb konkurrenc\u00eb p\u00ebr k\u00ebt\u00eb \u00e7mim ishin gjithashtu Faton Maloku dhe Blerim Krasniqi, t\u00eb cil\u00ebt s\u00eb bashku me Dabiqajn u nominuan p\u00ebr performancat e tyre t\u00eb shk\u00eblqyera gjat\u00eb muajit.<\/p>\n<p>Me 254 vota t\u00eb mbledhura p\u00ebrmes platform\u00ebs \u2018Viber\u2019, ku tifoz\u00ebt e Drit\u00ebs, Intelektual\u00ebt, kishin mund\u00ebsin\u00eb t\u00eb japin mendimin e tyre, Dabiqaj arriti t\u00eb fitoj\u00eb epitetin e lojtarit t\u00eb muajit. <\/p>\n","protected":false},"excerpt":{"rendered":"<p>FC Drita ka shpallur Albert Dabiqajn si lojtarin m\u00eb t\u00eb mir\u00eb p\u00ebr muajin shtator, pas nj\u00eb gare t\u00eb ngusht\u00eb me dy bashk\u00eblojtar\u00eb t\u00eb tij. N\u00eb konkurrenc\u00eb p\u00ebr k\u00ebt\u00eb \u00e7mim ishin gjithashtu Faton Maloku dhe Blerim Krasniqi, t\u00eb cil\u00ebt s\u00eb bashku me Dabiqajn u nominuan p\u00ebr performancat e tyre t\u00eb shk\u00eblqyera gjat\u00eb muajit. Me 254 vota [&hellip;]<\/p>\n","protected":false},"author":1,"featured_media":181926,"comment_status":"closed","ping_status":"closed","sticky":false,"template":"","format":"standard","meta":{"footnotes":""},"categories":[7],"tags":[],"class_list":{"0":"post-181925","1":"post","2":"type-post","3":"status-publish","4":"format-standard","5":"has-post-thumbnail","7":"category-sports"},"_links":{"self":[{"href":"https:\/\/radiostargjilan.com\/web\/wp-json\/wp\/v2\/posts\/181925","targetHints":{"allow":["GET"]}}],"collection":[{"href":"https:\/\/radiostargjilan.com\/web\/wp-json\/wp\/v2\/posts"}],"about":[{"href":"https:\/\/radiostargjilan.com\/web\/wp-json\/wp\/v2\/types\/post"}],"author":[{"embeddable":true,"href":"https:\/\/radiostargjilan.com\/web\/wp-json\/wp\/v2\/users\/1"}],"replies":[{"embeddable":true,"href":"https:\/\/radiostargjilan.com\/web\/wp-json\/wp\/v2\/comments?post=181925"}],"version-history":[{"count":0,"href":"https:\/\/radiostargjilan.com\/web\/wp-json\/wp\/v2\/posts\/181925\/revisions"}],"wp:featuredmedia":[{"embeddable":true,"href":"https:\/\/radiostargjilan.com\/web\/wp-json\/wp\/v2\/media\/181926"}],"wp:attachment":[{"href":"https:\/\/radiostargjilan.com\/web\/wp-json\/wp\/v2\/media?parent=181925"}],"wp:term":[{"taxonomy":"category","embeddable":true,"href":"https:\/\/radiostargjilan.com\/web\/wp-json\/wp\/v2\/categories?post=181925"},{"taxonomy":"post_tag","embeddable":true,"href":"https:\/\/radiostargjilan.com\/web\/wp-json\/wp\/v2\/tags?post=181925"}],"curies":[{"name":"wp","href":"https:\/\/api.w.org\/{rel}","templated":true}]}}