{"id":182351,"date":"2024-10-07T17:01:53","date_gmt":"2024-10-07T15:01:53","guid":{"rendered":"https:\/\/radiostargjilan.com\/web\/?p=182351"},"modified":"2024-10-07T17:01:53","modified_gmt":"2024-10-07T15:01:53","slug":"per-cka-duhen-te-shprehin-mllef-gjilanasit-me-9-shkurt-2025","status":"publish","type":"post","link":"https:\/\/radiostargjilan.com\/web\/per-cka-duhen-te-shprehin-mllef-gjilanasit-me-9-shkurt-2025\/","title":{"rendered":"P\u00ebr \u00e7ka duhen t\u00eb shprehin mllef gjilanasit m\u00eb 9 shkurt 2025?"},"content":{"rendered":"<p>Shkruan: Avni Rudaku<\/p>\n<p>Qeveria Kurti ka d\u00ebshtuar t\u00eb ofroj\u00eb nj\u00eb plan t\u00eb qart\u00eb kohor p\u00ebr finalizimin e autostrad\u00ebs, duke krijuar frustrim te qytetar\u00ebt. Kryeministri premtoi se do t\u00eb kryhej m\u00eb 2023, nuk u krye as m\u00eb 2024.<\/p>\n<p>Zvarritja e nd\u00ebrtimit ka sjell\u00eb rritje t\u00eb numrit t\u00eb aksidenteve n\u00eb rrug\u00ebn e vjet\u00ebr Gjilan-Prishtin\u00eb, duke e vendosur n\u00eb rrezik jet\u00ebn e shum\u00eb udh\u00ebtar\u00ebve e shofer\u00ebve.<\/p>\n<p>Vet\u00ebm p\u00ebr vonesat e ur\u00ebs s\u00eb Badovcit, do t\u00eb duhej t\u00eb hetohej urgjentisht, p\u00ebr pasojat eventuale n\u00eb tragjedin\u00eb e humbjes s\u00eb jet\u00ebs s\u00eb tre t\u00eb rinjve. <\/p>\n<p>Mungesa e nj\u00eb infrastrukture t\u00eb sigurt ka \u00e7uar n\u00eb nj\u00eb rritje t\u00eb konsiderueshme t\u00eb l\u00ebndimeve e rasteve me fatalitet n\u00eb aksidentet Gl-Pr.<\/p>\n<p>D\u00ebshtimi p\u00ebr t\u00eb p\u00ebrfunduar autostrad\u00ebn ka penguar zhvillimin ekonomik t\u00eb Anamorav\u00ebs. Infrastruktura me krejt studimet, ndihmon zhvillimin ekonomik. <\/p>\n<p>Vet\u00ebvendosje nuk ka pasur thuajse bastion n\u00eb zgjedhjet lokale, dhe n\u00ebse mund t\u00eb flasim vet\u00ebm p\u00ebr nj\u00eb bastion ideal, Gjilani nga viti 2010, e ve\u00e7mas n\u00eb vitin 2021, ka arritur kulmin e votave p\u00ebr Kurtin. Anamorava n\u00eb p\u00ebrgjith\u00ebsi, shtoja k\u00ebtu Kamenic\u00ebn. <\/p>\n<p>Taksat p\u00ebr qytetar\u00ebt nuk jan\u00eb shoq\u00ebruar me p\u00ebrmir\u00ebsime n\u00eb infrastruktur\u00eb, duke e b\u00ebr\u00eb situat\u00ebn akoma m\u00eb t\u00eb r\u00ebnd\u00eb.<\/p>\n<p>Qeveria nuk ka marr\u00eb masa t\u00eb mjaftueshme p\u00ebr t\u00eb parandaluar aksidentet n\u00eb rrug\u00ebn e vjet\u00ebr, ve\u00e7mas n\u00eb Slivov\u00eb e para ur\u00ebs s\u00eb Badovcit.<\/p>\n<p>T\u00eb dh\u00ebnat e aksidenteve mund t\u00eb na fusin n\u00eb supozimin se, ka pasur nj\u00eb rritje alarmante t\u00eb numrit t\u00eb viktimave p\u00ebr shkak t\u00eb munges\u00ebs s\u00eb autostrad\u00ebs.<\/p>\n<p>Infrastruktura e dob\u00ebt ka ndikuar negativisht n\u00eb sigurin\u00eb rrugore, duke i l\u00ebn\u00eb shofer\u00ebt e udh\u00ebtar\u00ebt t\u00eb pambrojtur.<\/p>\n<p>Nd\u00ebrhyrjet e p\u00ebrkohshme p\u00ebr p\u00ebrmir\u00ebsimin e rrug\u00ebs s\u00eb vjet\u00ebr Gl-Pr jan\u00eb t\u00eb pap\u00ebrshtatshme dhe joefektive.<\/p>\n<p>Qeveria nuk ka qen\u00eb transparente p\u00ebr arsyet e zvarritjes s\u00eb projektit, duke humbur besimin e qytetar\u00ebve.<\/p>\n<p>Mungesa e komunikimit nga ana e autoriteteve qeveritare ka krijuar mllef ve\u00e7mas te gjilanasit dhe shfryt\u00ebzuesit e k\u00ebsaj rruge nga Kamenica e Lugina e Preshev\u00ebs.<\/p>\n<p>L\u00ebndimet e r\u00ebnda n\u00eb aksidente p\u00ebr shkak t\u00eb kushteve t\u00eb k\u00ebqija t\u00eb rrug\u00ebs k\u00ebrkojn\u00eb p\u00ebrgjegj\u00ebsi t\u00eb menj\u00ebhershme nga qeveria.<\/p>\n<p>K\u00ebrkesat p\u00ebr nj\u00eb rrug\u00eb t\u00eb sigurt jan\u00eb injoruar p\u00ebr nj\u00eb koh\u00eb t\u00eb gjat\u00eb.<\/p>\n<p>Qeveria nuk ka investuar m\u00eb shum\u00eb n\u00eb edukimin e shofer\u00ebve p\u00ebr rrezikshm\u00ebrin\u00eb e rrug\u00ebs Gl-Pr.<\/p>\n<p>Shum\u00eb njer\u00ebz po humbin jet\u00ebn ose po l\u00ebndohen p\u00ebr shkak t\u00eb d\u00ebshtimeve n\u00eb autostrad\u00eb dhe ur\u00ebn e Badovcit.<\/p>\n<p>Politikat e qeveris\u00eb duhen t\u00eb p\u00ebrqendrohen n\u00eb p\u00ebrmir\u00ebsimin e siguris\u00eb rrugore, n\u00eb vend q\u00eb t\u00eb zvarrisin projekte t\u00eb r\u00ebnd\u00ebsishme si autostrada.<\/p>\n<p>Edhe rruga Gjilan-Ferizaj, p\u00ebrkund\u00ebr nj\u00eb asfaltimi t\u00eb ri, menj\u00ebher\u00eb \u00ebsht\u00eb b\u00ebr\u00eb me gropa dhe \u00ebsht\u00eb pranuar projekti pa monitorim e inspektim t\u00eb duhur.<\/p>\n<p>Hyrje-daljet e Gjilanit u vonuan tejmase, duke d\u00ebmtuar bizneset dhe t\u00eb gjith\u00eb t\u00eb tjer\u00ebt.<\/p>\n<p>Stadiumi i Gjilanit, pavar\u00ebsisht prokurimit, merr faj Qeveria bashk\u00eb me komun\u00ebn e Gjilanit.<\/p>\n<p>Ka shum\u00eb gjasa q\u00eb Albin Kurti sikur me rival\u00ebt e tjer\u00eb brenda partis\u00eb, edhe Alban Hysenin, fshehtas, ka dashur ta diskreditoj\u00eb e t\u00eb mos e mb\u00ebshtes\u00eb seriozisht, ve\u00e7mas kur nj\u00eb publicist, sapo fitoi Hyseni, n\u00eb entuziaz\u00ebm i tha: &#8211; Ti je edhe p\u00ebr kryeminist\u00ebr! Dhe kjo nuk ka mbetur pa i kaluar n\u00ebp\u00ebr veshin e tij, edhe Kurtit. Ai nuk do mbi t\u00eb ask\u00eb tjet\u00ebr, madje as kur i afrohet dikush atij si figur\u00eb politike brenda partis\u00eb. Pavar\u00ebsisht zotimit multimilion\u00ebsh, ia ka zvarritur projektet e m\u00ebdha, pavar\u00ebsisht se edhe Hyseni nuk ka qen\u00eb figur\u00eb e fuqishme n\u00eb nivel qendror p\u00ebr t\u2019i imponuar m\u00eb z\u00ebsh\u00ebm projektet e tij e p\u00ebr t\u2019i p\u00ebrshpejtuar. <\/p>\n<p>Gjilanasit m\u00eb 9 shkurt 2025, kan\u00eb t\u00eb drejt\u00eb t\u00eb mllefosen n\u00eb kutit\u00eb e votimeve. Pasi nuk po protestojn\u00eb, bile t\u00eb votojn\u00eb me zem\u00ebrim e nd\u00ebshkim elektoral p\u00ebr zvarritjen e tepruar t\u00eb investimeve kapitale.<\/p>\n","protected":false},"excerpt":{"rendered":"<p>Shkruan: Avni Rudaku Qeveria Kurti ka d\u00ebshtuar t\u00eb ofroj\u00eb nj\u00eb plan t\u00eb qart\u00eb kohor p\u00ebr finalizimin e autostrad\u00ebs, duke krijuar frustrim te qytetar\u00ebt. Kryeministri premtoi se do t\u00eb kryhej m\u00eb 2023, nuk u krye as m\u00eb 2024. Zvarritja e nd\u00ebrtimit ka sjell\u00eb rritje t\u00eb numrit t\u00eb aksidenteve n\u00eb rrug\u00ebn e vjet\u00ebr Gjilan-Prishtin\u00eb, duke e vendosur [&hellip;]<\/p>\n","protected":false},"author":1,"featured_media":182352,"comment_status":"closed","ping_status":"closed","sticky":false,"template":"","format":"standard","meta":{"footnotes":""},"categories":[6],"tags":[],"class_list":{"0":"post-182351","1":"post","2":"type-post","3":"status-publish","4":"format-standard","5":"has-post-thumbnail","7":"category-opinion"},"_links":{"self":[{"href":"https:\/\/radiostargjilan.com\/web\/wp-json\/wp\/v2\/posts\/182351","targetHints":{"allow":["GET"]}}],"collection":[{"href":"https:\/\/radiostargjilan.com\/web\/wp-json\/wp\/v2\/posts"}],"about":[{"href":"https:\/\/radiostargjilan.com\/web\/wp-json\/wp\/v2\/types\/post"}],"author":[{"embeddable":true,"href":"https:\/\/radiostargjilan.com\/web\/wp-json\/wp\/v2\/users\/1"}],"replies":[{"embeddable":true,"href":"https:\/\/radiostargjilan.com\/web\/wp-json\/wp\/v2\/comments?post=182351"}],"version-history":[{"count":0,"href":"https:\/\/radiostargjilan.com\/web\/wp-json\/wp\/v2\/posts\/182351\/revisions"}],"wp:featuredmedia":[{"embeddable":true,"href":"https:\/\/radiostargjilan.com\/web\/wp-json\/wp\/v2\/media\/182352"}],"wp:attachment":[{"href":"https:\/\/radiostargjilan.com\/web\/wp-json\/wp\/v2\/media?parent=182351"}],"wp:term":[{"taxonomy":"category","embeddable":true,"href":"https:\/\/radiostargjilan.com\/web\/wp-json\/wp\/v2\/categories?post=182351"},{"taxonomy":"post_tag","embeddable":true,"href":"https:\/\/radiostargjilan.com\/web\/wp-json\/wp\/v2\/tags?post=182351"}],"curies":[{"name":"wp","href":"https:\/\/api.w.org\/{rel}","templated":true}]}}