{"id":182838,"date":"2024-10-14T10:13:37","date_gmt":"2024-10-14T08:13:37","guid":{"rendered":"https:\/\/radiostargjilan.com\/web\/?p=182838"},"modified":"2024-10-14T10:13:37","modified_gmt":"2024-10-14T08:13:37","slug":"kru-hidromorava-njofton-per-nderprerje-te-ujit-ne-disa-zona-te-gjilanit-gjate-intervenimeve-ne-rrjetin-e-ujesjellesit","status":"publish","type":"post","link":"https:\/\/radiostargjilan.com\/web\/kru-hidromorava-njofton-per-nderprerje-te-ujit-ne-disa-zona-te-gjilanit-gjate-intervenimeve-ne-rrjetin-e-ujesjellesit\/","title":{"rendered":"KRU \u2018Hidromorava\u2019 njofton p\u00ebr nd\u00ebrprerje t\u00eb ujit n\u00eb disa zona t\u00eb Gjilanit gjat\u00eb intervenimeve n\u00eb rrjetin e uj\u00ebsjell\u00ebsit"},"content":{"rendered":"<p>Intervenimet q\u00eb do zhvillohen gjat\u00eb dit\u00ebs t\u00eb sotme n\u00eb rrjetin e uj\u00ebsjell\u00ebsit n\u00eb zon\u00ebn e m\u00ebposhtme\u2b07\ufe0f<\/p>\n<p>\u27a1\ufe0f Rr. &#8220;Dervish Cara&#8221;<br \/>\n\u27a1\ufe0f Livo\u00e7 i Ul\u00ebt<br \/>\n\u27a1\ufe0f Rr. &#8220;Martir\u00ebt e Gjilanit&#8221;<\/p>\n<p>Gjat\u00eb periudh\u00ebs t\u00eb intervenimit, do t\u00eb ket\u00eb nd\u00ebrprerje t\u00eb furnizimit me uj\u00eb n\u00eb k\u00ebto lagje.<\/p>\n<p>Ju falenderojm\u00eb p\u00ebr mir\u00ebkuptimin dhe bashk\u00ebpunimin tuaj gjat\u00eb k\u00ebsaj periudhe.<br \/>\nP\u00ebr \u00e7do informat\u00eb shtes\u00eb, ju lutemi t\u00eb na kontaktoni n\u00eb linj\u00ebn e kujdesit ndaj konsumator\u00ebve:<br \/>\n0800 61 000<br \/>\nTel: 044983071<br \/>\nKujdestaria: 044719813<\/p>\n","protected":false},"excerpt":{"rendered":"<p>Intervenimet q\u00eb do zhvillohen gjat\u00eb dit\u00ebs t\u00eb sotme n\u00eb rrjetin e uj\u00ebsjell\u00ebsit n\u00eb zon\u00ebn e m\u00ebposhtme\u2b07\ufe0f \u27a1\ufe0f Rr. &#8220;Dervish Cara&#8221; \u27a1\ufe0f Livo\u00e7 i Ul\u00ebt \u27a1\ufe0f Rr. &#8220;Martir\u00ebt e Gjilanit&#8221; Gjat\u00eb periudh\u00ebs t\u00eb intervenimit, do t\u00eb ket\u00eb nd\u00ebrprerje t\u00eb furnizimit me uj\u00eb n\u00eb k\u00ebto lagje. Ju falenderojm\u00eb p\u00ebr mir\u00ebkuptimin dhe bashk\u00ebpunimin tuaj gjat\u00eb k\u00ebsaj periudhe. P\u00ebr [&hellip;]<\/p>\n","protected":false},"author":1,"featured_media":182033,"comment_status":"closed","ping_status":"closed","sticky":false,"template":"","format":"standard","meta":{"footnotes":""},"categories":[5],"tags":[],"class_list":{"0":"post-182838","1":"post","2":"type-post","3":"status-publish","4":"format-standard","5":"has-post-thumbnail","7":"category-lajme"},"_links":{"self":[{"href":"https:\/\/radiostargjilan.com\/web\/wp-json\/wp\/v2\/posts\/182838","targetHints":{"allow":["GET"]}}],"collection":[{"href":"https:\/\/radiostargjilan.com\/web\/wp-json\/wp\/v2\/posts"}],"about":[{"href":"https:\/\/radiostargjilan.com\/web\/wp-json\/wp\/v2\/types\/post"}],"author":[{"embeddable":true,"href":"https:\/\/radiostargjilan.com\/web\/wp-json\/wp\/v2\/users\/1"}],"replies":[{"embeddable":true,"href":"https:\/\/radiostargjilan.com\/web\/wp-json\/wp\/v2\/comments?post=182838"}],"version-history":[{"count":0,"href":"https:\/\/radiostargjilan.com\/web\/wp-json\/wp\/v2\/posts\/182838\/revisions"}],"wp:featuredmedia":[{"embeddable":true,"href":"https:\/\/radiostargjilan.com\/web\/wp-json\/wp\/v2\/media\/182033"}],"wp:attachment":[{"href":"https:\/\/radiostargjilan.com\/web\/wp-json\/wp\/v2\/media?parent=182838"}],"wp:term":[{"taxonomy":"category","embeddable":true,"href":"https:\/\/radiostargjilan.com\/web\/wp-json\/wp\/v2\/categories?post=182838"},{"taxonomy":"post_tag","embeddable":true,"href":"https:\/\/radiostargjilan.com\/web\/wp-json\/wp\/v2\/tags?post=182838"}],"curies":[{"name":"wp","href":"https:\/\/api.w.org\/{rel}","templated":true}]}}