{"id":182883,"date":"2024-10-14T17:16:02","date_gmt":"2024-10-14T15:16:02","guid":{"rendered":"https:\/\/radiostargjilan.com\/web\/?p=182883"},"modified":"2024-10-14T17:17:20","modified_gmt":"2024-10-14T15:17:20","slug":"nazim-gagica-dorezon-kerkesen-per-mbeshtetje-financiare-dhe-institucionale-per-grate-e-prekura-nga-kanceri-i-gjirit-ne-kuvendin-komunal-te-gjilanit","status":"publish","type":"post","link":"https:\/\/radiostargjilan.com\/web\/nazim-gagica-dorezon-kerkesen-per-mbeshtetje-financiare-dhe-institucionale-per-grate-e-prekura-nga-kanceri-i-gjirit-ne-kuvendin-komunal-te-gjilanit\/","title":{"rendered":"Nazim Gagica dor\u00ebzon k\u00ebrkes\u00ebn p\u00ebr mb\u00ebshtetje financiare dhe institucionale p\u00ebr grat\u00eb e prekura nga kanceri i gjirit n\u00eb Kuvendin Komunal t\u00eb Gjilanit"},"content":{"rendered":"<p>Kryetari i Aleanc\u00ebs p\u00ebr Ardhm\u00ebrin\u00eb e Kosov\u00ebs (AAK) n\u00eb Gjilan, Nazim Gagica, gjat\u00eb marshimit sensibilizues kund\u00ebr kancerit t\u00eb gjirit n\u00eb kuad\u00ebr t\u00eb \u201cTetorit Roz\u00eb\u201d, dor\u00ebzoi nj\u00eb k\u00ebrkes\u00eb zyrtare n\u00eb Kuvendin Komunal p\u00ebr mb\u00ebshtetje financiare dhe institucionale p\u00ebr grat\u00eb dhe vajzat e prekura nga kjo s\u00ebmundje. <\/p>\n<p>Gagica theksoi r\u00ebnd\u00ebsin\u00eb e bashk\u00ebpunimit p\u00ebr rritjen e nd\u00ebrgjegj\u00ebsimit dhe theksoi se p\u00ebrkrahja e q\u00ebndrueshme mund t\u00eb ndihmoj\u00eb n\u00eb shp\u00ebtimin e jet\u00ebve p\u00ebrmes parandalimit dhe trajtimit t\u00eb hersh\u00ebm t\u00eb kancerit t\u00eb gjirit.<\/p>\n<p>Shkrimi i plot\u00eb:<\/p>\n<p>N\u00eb kuad\u00ebr t\u00eb Teorit Roz\u00eb, n\u00eb marshimin sensibilizues kund\u00ebr kancerit t\u00eb gjirit, dor\u00ebzova n\u00eb Kuvendin Komunal k\u00ebrkes\u00ebn  p\u00ebr mb\u00ebshtetje solide financiare dhe p\u00ebrkrahje e kujdes t\u00eb vazhduesh\u00ebm institucional p\u00ebr t\u00eb gjitha grat\u00eb e vajzat e prekura nga kanceri i gjirit.<\/p>\n<p>Kontributi yn\u00eb i p\u00ebrbashk\u00ebt n\u00eb realizimin e k\u00ebtyre k\u00ebrkesava dhe angazhimi n\u00eb aktivitete sensibilizuese, tregon r\u00ebnd\u00ebsin\u00eb e t\u00eb qenurit bashk\u00eb p\u00ebr t\u00eb rritur nd\u00ebrgjegj\u00ebsimin e grave dhe vajzave p\u00ebr t\u2019iu drejtuar institucioneve sh\u00ebndet\u00ebsore p\u00ebr t\u00eb parandaluar kancerin dhe p\u00ebr t\u00eb shp\u00ebtuar jet\u00eb.<\/p>\n<p>Iu bashkova k\u00ebtij aktiviteti t\u00eb organizuar nga kryetarja e Gruas s\u00eb Aleanc\u00ebs p\u00ebr Ardhmerin\u00eb e Kosov\u00ebs (AGK), dega n\u00eb Gjilan, Zarife Asllani, e p\u00ebrkrahur nga grat\u00eb aktiviste, zyrtar\u00eb publik\u00eb, punonj\u00ebs t\u00eb sektorit privat e publik dhe organizata t\u00eb cilat mb\u00ebshtesin aktivitete nd\u00ebrgjegj\u00ebsimi.<\/p>\n","protected":false},"excerpt":{"rendered":"<p>Kryetari i Aleanc\u00ebs p\u00ebr Ardhm\u00ebrin\u00eb e Kosov\u00ebs (AAK) n\u00eb Gjilan, Nazim Gagica, gjat\u00eb marshimit sensibilizues kund\u00ebr kancerit t\u00eb gjirit n\u00eb kuad\u00ebr t\u00eb \u201cTetorit Roz\u00eb\u201d, dor\u00ebzoi nj\u00eb k\u00ebrkes\u00eb zyrtare n\u00eb Kuvendin Komunal p\u00ebr mb\u00ebshtetje financiare dhe institucionale p\u00ebr grat\u00eb dhe vajzat e prekura nga kjo s\u00ebmundje. Gagica theksoi r\u00ebnd\u00ebsin\u00eb e bashk\u00ebpunimit p\u00ebr rritjen e nd\u00ebrgjegj\u00ebsimit dhe [&hellip;]<\/p>\n","protected":false},"author":1,"featured_media":182886,"comment_status":"closed","ping_status":"closed","sticky":false,"template":"","format":"standard","meta":{"footnotes":""},"categories":[5],"tags":[],"class_list":{"0":"post-182883","1":"post","2":"type-post","3":"status-publish","4":"format-standard","5":"has-post-thumbnail","7":"category-lajme"},"_links":{"self":[{"href":"https:\/\/radiostargjilan.com\/web\/wp-json\/wp\/v2\/posts\/182883","targetHints":{"allow":["GET"]}}],"collection":[{"href":"https:\/\/radiostargjilan.com\/web\/wp-json\/wp\/v2\/posts"}],"about":[{"href":"https:\/\/radiostargjilan.com\/web\/wp-json\/wp\/v2\/types\/post"}],"author":[{"embeddable":true,"href":"https:\/\/radiostargjilan.com\/web\/wp-json\/wp\/v2\/users\/1"}],"replies":[{"embeddable":true,"href":"https:\/\/radiostargjilan.com\/web\/wp-json\/wp\/v2\/comments?post=182883"}],"version-history":[{"count":0,"href":"https:\/\/radiostargjilan.com\/web\/wp-json\/wp\/v2\/posts\/182883\/revisions"}],"wp:featuredmedia":[{"embeddable":true,"href":"https:\/\/radiostargjilan.com\/web\/wp-json\/wp\/v2\/media\/182886"}],"wp:attachment":[{"href":"https:\/\/radiostargjilan.com\/web\/wp-json\/wp\/v2\/media?parent=182883"}],"wp:term":[{"taxonomy":"category","embeddable":true,"href":"https:\/\/radiostargjilan.com\/web\/wp-json\/wp\/v2\/categories?post=182883"},{"taxonomy":"post_tag","embeddable":true,"href":"https:\/\/radiostargjilan.com\/web\/wp-json\/wp\/v2\/tags?post=182883"}],"curies":[{"name":"wp","href":"https:\/\/api.w.org\/{rel}","templated":true}]}}