{"id":182889,"date":"2024-10-14T19:43:52","date_gmt":"2024-10-14T17:43:52","guid":{"rendered":"https:\/\/radiostargjilan.com\/web\/?p=182889"},"modified":"2024-10-14T19:43:52","modified_gmt":"2024-10-14T17:43:52","slug":"rrahmani-do-ta-votoj-cdo-ligj-qe-e-konsideroj-te-dobishem","status":"publish","type":"post","link":"https:\/\/radiostargjilan.com\/web\/rrahmani-do-ta-votoj-cdo-ligj-qe-e-konsideroj-te-dobishem\/","title":{"rendered":"Rrahmani: Do ta votoj \u00e7do ligj q\u00eb e konsideroj t\u00eb dobish\u00ebm"},"content":{"rendered":"<p>Eman Rrahamani nga Lista p\u00ebr Familjen, thot\u00eb se n\u00eb Kuvend do ta votoj\u00eb \u00e7do ligj q\u00eb ai e konsideron t\u00eb dobish\u00ebm p\u00ebr vendin dhe qyetar\u00ebt.<\/p>\n<p>\u201cE kemi deklaruar edhe publikisht, secili ligj q\u00eb vjen n\u00eb Kuvend, dhe \u00ebsht\u00eb i dobish\u00ebm p\u00ebr vendin dhe qytetar\u00ebt, natyrisht q\u00eb do t\u00eb gjej mb\u00ebshtetjen ton\u00eb, kurdo q\u00eb jam prezent n\u00eb Kuvend\u201d.<\/p>\n<p>Ish-deputeti i VV-s\u00eb n\u00eb \u201cDPT te Fidani\u201d, theksoi se nuk voton n\u00eb baz\u00eb t\u00eb pozicionit pozit\u00eb-opozit\u00eb brenda nj\u00eb subjekti.<\/p>\n<p>\u201cNuk votoj n\u00eb baz\u00eb t\u00eb pozicionit pozit\u00eb-opozit\u00eb brenda nj\u00eb subjekti, \u00e7do her\u00eb kam votuar dhe do t\u00eb votoj ashtu si\u00e7 e shoh se \u00ebsht\u00eb e dobishme p\u00ebr vendin\u201d.<\/p>\n","protected":false},"excerpt":{"rendered":"<p>Eman Rrahamani nga Lista p\u00ebr Familjen, thot\u00eb se n\u00eb Kuvend do ta votoj\u00eb \u00e7do ligj q\u00eb ai e konsideron t\u00eb dobish\u00ebm p\u00ebr vendin dhe qyetar\u00ebt. \u201cE kemi deklaruar edhe publikisht, secili ligj q\u00eb vjen n\u00eb Kuvend, dhe \u00ebsht\u00eb i dobish\u00ebm p\u00ebr vendin dhe qytetar\u00ebt, natyrisht q\u00eb do t\u00eb gjej mb\u00ebshtetjen ton\u00eb, kurdo q\u00eb jam prezent [&hellip;]<\/p>\n","protected":false},"author":1,"featured_media":182890,"comment_status":"closed","ping_status":"closed","sticky":false,"template":"","format":"standard","meta":{"footnotes":""},"categories":[5],"tags":[],"class_list":{"0":"post-182889","1":"post","2":"type-post","3":"status-publish","4":"format-standard","5":"has-post-thumbnail","7":"category-lajme"},"_links":{"self":[{"href":"https:\/\/radiostargjilan.com\/web\/wp-json\/wp\/v2\/posts\/182889","targetHints":{"allow":["GET"]}}],"collection":[{"href":"https:\/\/radiostargjilan.com\/web\/wp-json\/wp\/v2\/posts"}],"about":[{"href":"https:\/\/radiostargjilan.com\/web\/wp-json\/wp\/v2\/types\/post"}],"author":[{"embeddable":true,"href":"https:\/\/radiostargjilan.com\/web\/wp-json\/wp\/v2\/users\/1"}],"replies":[{"embeddable":true,"href":"https:\/\/radiostargjilan.com\/web\/wp-json\/wp\/v2\/comments?post=182889"}],"version-history":[{"count":0,"href":"https:\/\/radiostargjilan.com\/web\/wp-json\/wp\/v2\/posts\/182889\/revisions"}],"wp:featuredmedia":[{"embeddable":true,"href":"https:\/\/radiostargjilan.com\/web\/wp-json\/wp\/v2\/media\/182890"}],"wp:attachment":[{"href":"https:\/\/radiostargjilan.com\/web\/wp-json\/wp\/v2\/media?parent=182889"}],"wp:term":[{"taxonomy":"category","embeddable":true,"href":"https:\/\/radiostargjilan.com\/web\/wp-json\/wp\/v2\/categories?post=182889"},{"taxonomy":"post_tag","embeddable":true,"href":"https:\/\/radiostargjilan.com\/web\/wp-json\/wp\/v2\/tags?post=182889"}],"curies":[{"name":"wp","href":"https:\/\/api.w.org\/{rel}","templated":true}]}}