{"id":182917,"date":"2024-10-15T11:26:23","date_gmt":"2024-10-15T09:26:23","guid":{"rendered":"https:\/\/radiostargjilan.com\/web\/?p=182917"},"modified":"2024-10-15T11:26:23","modified_gmt":"2024-10-15T09:26:23","slug":"ish-komandanti-i-fsk-se-ushtaret-duhet-te-pergatiten-per-lufte-jo-per-te-gatuar-ushqim","status":"publish","type":"post","link":"https:\/\/radiostargjilan.com\/web\/ish-komandanti-i-fsk-se-ushtaret-duhet-te-pergatiten-per-lufte-jo-per-te-gatuar-ushqim\/","title":{"rendered":"Ish-komandanti i FSK-s\u00eb: Ushtar\u00ebt duhet t\u00eb p\u00ebrgatiten p\u00ebr luft\u00eb, jo p\u00ebr t\u00eb gatuar ushqim"},"content":{"rendered":"<p>Gjeneral Kadri Kastrati, ish-komandant i Forca e Siguris\u00eb s\u00eb Kosov\u00ebs ka folur n\u00eb lidhje me problemin me furnizimin me ushqim p\u00ebr Forc\u00ebn e Siguris\u00eb s\u00eb Kosov\u00ebs.<\/p>\n<p>N\u00eb nj\u00eb lidhje me Skype p\u00ebr emisionin \u201cBallkan Upadate\u201d, ai e ka konsideruar nj\u00eb sjellje t\u00eb turpshme nga kryeministri Albin Kurti, p\u00ebr t\u00eb cil\u00ebn \u00ebsht\u00eb ndjer\u00eb jasht\u00ebzakonisht i turp\u00ebruar.<\/p>\n<p>Sipas Kastratit, ushtar\u00ebt duhet t\u00eb p\u00ebrgatiten p\u00ebr luft\u00eb, jo p\u00ebr t\u00eb gatuar ushqim.<\/p>\n<p>\u201cT\u00eb them t\u00eb drejt\u00ebn e kam ndjer\u00eb veten jasht\u00ebzakonisht keq, sepse jam nj\u00eb nd\u00ebr njer\u00ebzit q\u00eb Forcat e Armatosura t\u00eb Kosov\u00ebs i ka p\u00ebrcjell\u00eb q\u00eb nga lufta e Ushtris\u00eb \u00c7lirimtare t\u00eb Kosov\u00ebs. Kam qen\u00eb n\u00eb strukturat komanduese t\u00eb k\u00ebsaj ushtrie. K\u00ebto dit\u00ebt e kaluara, duke marr\u00eb lajmin q\u00eb ushtria ka probleme me furnizimin me ushqim, un\u00eb si ish komandant jam ndjer\u00eb jasht\u00ebzakonisht i turp\u00ebruar, jam ndjer\u00eb shum\u00eb keq. Sepse ne ushtar\u00ebt gjat\u00eb luft\u00ebs kur nuk kemi pasur institucione qendrore apo lokale, kur nuk kemi pasur p\u00ebrkrahje, ushtar\u00ebt i kemi furnizuar me ushqim. L\u00ebr\u00eb tani kur e kemi shtetin, e kemi qeverin\u00eb. Ushtar\u00ebt apo oficer\u00ebt e Kosov\u00ebs t\u00eb vuajn\u00eb p\u00ebr ushqim, kjo \u00ebsht\u00eb nj\u00eb marri, nj\u00eb turp i madh p\u00ebr shtetin e Kosov\u00ebs, p\u00ebr institucionet e Kosov\u00ebs.<\/p>\n<p>Un\u00eb e kam p\u00ebrcjell\u00eb n\u00eb vazhdim\u00ebsi dhe kjo tani mundohet q\u00eb ta citojn\u00eb dhe ministri dhe komandanti dhe sekretari i mbrojtjes, i k\u00ebsaj ministrie dhe un\u00eb t\u00eb them t\u00eb drejt\u00ebn fajin e l\u00eb te t\u00eb gjith\u00eb, sepse t\u00eb gjith\u00eb jan\u00eb bashk\u00ebp\u00ebrgjegj\u00ebs q\u00eb ka ardhur deri te kjo situat\u00eb, t\u00eb gjith\u00ebve iu mungon nj\u00eb eksperienc\u00eb planifikuese, q\u00eb u \u00ebsht\u00eb dashur b\u00ebr\u00eb m\u00eb her\u00ebt.<\/p>\n<p>Ushtar\u00ebt nuk duhet t\u00eb p\u00ebrgatiten p\u00ebr kuzhina, ushtar\u00ebt duhet t\u00eb p\u00ebrgatiten p\u00ebr misione shum\u00eb m\u00eb t\u00eb avancuara dhe p\u00ebr luft\u00eb\u201d, u shpreh ai<\/p>\n","protected":false},"excerpt":{"rendered":"<p>Gjeneral Kadri Kastrati, ish-komandant i Forca e Siguris\u00eb s\u00eb Kosov\u00ebs ka folur n\u00eb lidhje me problemin me furnizimin me ushqim p\u00ebr Forc\u00ebn e Siguris\u00eb s\u00eb Kosov\u00ebs. N\u00eb nj\u00eb lidhje me Skype p\u00ebr emisionin \u201cBallkan Upadate\u201d, ai e ka konsideruar nj\u00eb sjellje t\u00eb turpshme nga kryeministri Albin Kurti, p\u00ebr t\u00eb cil\u00ebn \u00ebsht\u00eb ndjer\u00eb jasht\u00ebzakonisht i turp\u00ebruar. [&hellip;]<\/p>\n","protected":false},"author":1,"featured_media":182918,"comment_status":"closed","ping_status":"closed","sticky":false,"template":"","format":"standard","meta":{"footnotes":""},"categories":[5],"tags":[],"class_list":{"0":"post-182917","1":"post","2":"type-post","3":"status-publish","4":"format-standard","5":"has-post-thumbnail","7":"category-lajme"},"_links":{"self":[{"href":"https:\/\/radiostargjilan.com\/web\/wp-json\/wp\/v2\/posts\/182917","targetHints":{"allow":["GET"]}}],"collection":[{"href":"https:\/\/radiostargjilan.com\/web\/wp-json\/wp\/v2\/posts"}],"about":[{"href":"https:\/\/radiostargjilan.com\/web\/wp-json\/wp\/v2\/types\/post"}],"author":[{"embeddable":true,"href":"https:\/\/radiostargjilan.com\/web\/wp-json\/wp\/v2\/users\/1"}],"replies":[{"embeddable":true,"href":"https:\/\/radiostargjilan.com\/web\/wp-json\/wp\/v2\/comments?post=182917"}],"version-history":[{"count":0,"href":"https:\/\/radiostargjilan.com\/web\/wp-json\/wp\/v2\/posts\/182917\/revisions"}],"wp:featuredmedia":[{"embeddable":true,"href":"https:\/\/radiostargjilan.com\/web\/wp-json\/wp\/v2\/media\/182918"}],"wp:attachment":[{"href":"https:\/\/radiostargjilan.com\/web\/wp-json\/wp\/v2\/media?parent=182917"}],"wp:term":[{"taxonomy":"category","embeddable":true,"href":"https:\/\/radiostargjilan.com\/web\/wp-json\/wp\/v2\/categories?post=182917"},{"taxonomy":"post_tag","embeddable":true,"href":"https:\/\/radiostargjilan.com\/web\/wp-json\/wp\/v2\/tags?post=182917"}],"curies":[{"name":"wp","href":"https:\/\/api.w.org\/{rel}","templated":true}]}}