{"id":182942,"date":"2024-10-15T13:19:51","date_gmt":"2024-10-15T11:19:51","guid":{"rendered":"https:\/\/radiostargjilan.com\/web\/?p=182942"},"modified":"2024-10-15T13:19:51","modified_gmt":"2024-10-15T11:19:51","slug":"jasharaj-murati-duhet-te-skuqet-kur-flet-per-rritje-pagash","status":"publish","type":"post","link":"https:\/\/radiostargjilan.com\/web\/jasharaj-murati-duhet-te-skuqet-kur-flet-per-rritje-pagash\/","title":{"rendered":"Jasharaj: Murati duhet t\u00eb skuqet kur flet p\u00ebr rritje pagash"},"content":{"rendered":"<p>Kryetari i Sindikat\u00ebs s\u00eb Bashkuar t\u00eb Arsimit dhe Kultur\u00ebs (SBASHK), Rrahman Jasharaj, ka deklaruar se ministri i Financave, Hekuran Murati, duhet t\u00eb skuqet kur flet p\u00ebr rritje pagash, e jo t\u00eb krenohet, duke th\u00ebn\u00eb se mij\u00ebra t\u00eb pun\u00ebsuar n\u00eb sektorin publik e din\u00eb t\u00eb v\u00ebrtet\u00ebn dhe jan\u00eb t\u00eb mllefosur.<\/p>\n<p>Sipas Jasharajt, rritja prej 28 eurove \u00ebsht\u00eb ironike dhe n\u00ebn\u00e7muese.<\/p>\n<p>Ministri Murati \u00ebsht\u00eb i njohur p\u00ebr qasje t\u00eb gabuar ndaj dialogut dhe me qasje edhe armiq\u00ebsore ndaj sindikatave dhe ve\u00e7mas ndaj SBASHK-ut , por realiteti i tregon se n\u00eb vend q\u00eb t\u00eb krenohet se gjoja paska pasur rritje t\u00eb pagave, ai duhet t\u00eb skuqet kur flet p\u00ebr k\u00ebt\u00eb \u00e7\u00ebshtjen e pagave. Ministri duhet ta dij se ngritje t\u00eb lart\u00eb t\u00eb \u00e7mimeve t\u00eb artikujve elementar t\u00eb jet\u00ebs kan\u00eb ndodhur vazhdimisht e rritje t\u00eb dukshme t\u00eb pagave, q\u00eb do t\u00eb mund\u00ebsonin p\u00ebrballje m\u00eb t\u00eb leht\u00eb me k\u00ebto \u00e7mime nuk ka pasur.<\/p>\n<p>Ministri duhet t\u00eb l\u00eb z\u00ebnkat e deklaratat plot krekosje e t\u00eb shoh realitetin , i cili \u00ebsht\u00eb i hidhur. Ministri Murati duhet t\u00eb lexoj\u00eb statistikat edhe t\u00eb vendeve rreth nesh. N\u00eb ato shtete \u00e7mimet e artikujve elementar jan\u00eb si te ne, apo pak m\u00eb t\u00eb larta, por Qeverit\u00eb atje i jan\u00eb p\u00ebrgjigjur situatave dhe kan\u00eb b\u00ebr\u00eb ngritje t\u00eb dukshme t\u00eb pagave n\u00eb arsim e n\u00eb sektor\u00ebt tjer\u00eb. Ministri Murati le t\u00eb hedh shikimin drejt Shqip\u00ebris\u00eb dhe do t\u00eb shoh se kjo q\u00eb po them un\u00eb \u00ebsht\u00eb e v\u00ebrtet\u00eb. M\u00ebsuesit atje i \u00ebsht\u00eb b\u00ebr\u00eb paga 900 e m\u00eb shum\u00eb euro e mos t\u00eb flasim p\u00ebr pag\u00ebn e m\u00ebsuesit n\u00eb Mal t\u00eb Zi\u201d, thuhet n\u00eb reagimin e Jasharajt.<\/p>\n<p>Kryesindikalisti ka shtuar se Murati duhet t\u2019i l\u00eb deklaratat e z\u00ebnkat dhe t\u00eb shoh\u00eb realitetin e hidhur.<\/p>\n","protected":false},"excerpt":{"rendered":"<p>Kryetari i Sindikat\u00ebs s\u00eb Bashkuar t\u00eb Arsimit dhe Kultur\u00ebs (SBASHK), Rrahman Jasharaj, ka deklaruar se ministri i Financave, Hekuran Murati, duhet t\u00eb skuqet kur flet p\u00ebr rritje pagash, e jo t\u00eb krenohet, duke th\u00ebn\u00eb se mij\u00ebra t\u00eb pun\u00ebsuar n\u00eb sektorin publik e din\u00eb t\u00eb v\u00ebrtet\u00ebn dhe jan\u00eb t\u00eb mllefosur. Sipas Jasharajt, rritja prej 28 eurove [&hellip;]<\/p>\n","protected":false},"author":1,"featured_media":182943,"comment_status":"closed","ping_status":"closed","sticky":false,"template":"","format":"standard","meta":{"footnotes":""},"categories":[5],"tags":[],"class_list":{"0":"post-182942","1":"post","2":"type-post","3":"status-publish","4":"format-standard","5":"has-post-thumbnail","7":"category-lajme"},"_links":{"self":[{"href":"https:\/\/radiostargjilan.com\/web\/wp-json\/wp\/v2\/posts\/182942","targetHints":{"allow":["GET"]}}],"collection":[{"href":"https:\/\/radiostargjilan.com\/web\/wp-json\/wp\/v2\/posts"}],"about":[{"href":"https:\/\/radiostargjilan.com\/web\/wp-json\/wp\/v2\/types\/post"}],"author":[{"embeddable":true,"href":"https:\/\/radiostargjilan.com\/web\/wp-json\/wp\/v2\/users\/1"}],"replies":[{"embeddable":true,"href":"https:\/\/radiostargjilan.com\/web\/wp-json\/wp\/v2\/comments?post=182942"}],"version-history":[{"count":0,"href":"https:\/\/radiostargjilan.com\/web\/wp-json\/wp\/v2\/posts\/182942\/revisions"}],"wp:featuredmedia":[{"embeddable":true,"href":"https:\/\/radiostargjilan.com\/web\/wp-json\/wp\/v2\/media\/182943"}],"wp:attachment":[{"href":"https:\/\/radiostargjilan.com\/web\/wp-json\/wp\/v2\/media?parent=182942"}],"wp:term":[{"taxonomy":"category","embeddable":true,"href":"https:\/\/radiostargjilan.com\/web\/wp-json\/wp\/v2\/categories?post=182942"},{"taxonomy":"post_tag","embeddable":true,"href":"https:\/\/radiostargjilan.com\/web\/wp-json\/wp\/v2\/tags?post=182942"}],"curies":[{"name":"wp","href":"https:\/\/api.w.org\/{rel}","templated":true}]}}