{"id":182947,"date":"2024-10-15T14:26:59","date_gmt":"2024-10-15T12:26:59","guid":{"rendered":"https:\/\/radiostargjilan.com\/web\/?p=182947"},"modified":"2024-10-15T14:26:59","modified_gmt":"2024-10-15T12:26:59","slug":"brate-kusari-lila-e-quan-vella-simiqin-merren-vesh-per-takim-me-kurtin","status":"publish","type":"post","link":"https:\/\/radiostargjilan.com\/web\/brate-kusari-lila-e-quan-vella-simiqin-merren-vesh-per-takim-me-kurtin\/","title":{"rendered":"\u201cBrate\u201d: Kusari-Lila e quan v\u00eblla Simiqin, merren vesh p\u00ebr takim me Kurtin"},"content":{"rendered":"<p>Kat\u00ebr biseda t\u00eb Mimoza Kusari-Lil\u00ebs me Sllavko Simiqin, zbulojn\u00eb p\u00ebrpjekjet e shefes s\u00eb Grupit Parlamentar t\u00eb L\u00ebvizjes Vet\u00ebvendosje p\u00ebr koordinim me List\u00ebn Serbe. Bisedat n\u00eb WhatsApp d\u00ebshmojn\u00eb \u201ckapitullimin\u201d e LVV-s\u00eb para List\u00ebs Serbe p\u00ebr kalimin e ligjeve n\u00eb kuvend dhe p\u00ebr \u00e7\u00ebshtjen e energjis\u00eb elektrike n\u00eb veri. Kusari-Lila e quan v\u00eblla Simiqin. T\u00eb dy merren vesh p\u00ebr caktimin e nj\u00eb takimi t\u00eb Simiqit me kryeministrin Kurti. Kusari-Lila pranon ftes\u00eb p\u00ebr vizit\u00eb te Radoi\u00e7iqi n\u00eb Kopaonik.<\/p>\n<p>Mimoza Kusari-Lila po p\u00ebrpiqej t\u00eb krijonte aleanc\u00eb me List\u00ebn Serbe p\u00ebr \u00e7\u00ebshtje t\u00eb agjend\u00ebs legjislative t\u00eb mazhoranc\u00ebs.<\/p>\n<p>&nbsp;<\/p>\n<p style=\"font-weight: 400;\">P\u00ebr k\u00ebt\u00eb q\u00ebllim, shefja e Grupit Parlamentar t\u00eb L\u00ebvizjes Vet\u00ebvendosje kishte krijuar raporte miq\u00ebsore me ish-shefin e Grupit Parlamentar t\u00eb List\u00ebs Serbe, Sllavko Simiq, me t\u00eb cilin komunikonte p\u00ebrmes platform\u00ebs WhatsApp.<\/p>\n<p style=\"font-weight: 400;\">Ajo, p\u00ebrpiqej t\u2019i bashk\u00ebrendonte veprimet me List\u00ebn Serbe p\u00ebr miratimin e ligjeve t\u00eb r\u00ebnd\u00ebsishme n\u00eb kuvend.<\/p>\n<p style=\"font-weight: 400;\">N\u00eb kat\u00ebr biseda t\u00eb realizuara p\u00ebrmes WhatsApp-it, t\u00eb cilat i ka siguruar Paparaci, Kusari-Lila dhe Simiq bisedonin edhe p\u00ebr vizitat e deputet\u00ebve t\u00eb List\u00ebs Serbe te Millan Radoi\u00e7iqi n\u00eb Kopaonik.<\/p>\n<p style=\"font-weight: 400;\">K\u00ebto biseda dhe t\u00eb tjera jan\u00eb n\u00eb duart e Policis\u00eb s\u00eb Kosov\u00ebs.<\/p>\n<p style=\"font-weight: 400;\">N\u00eb bised\u00ebn e par\u00eb Kusari-Lila \u2013 Simiq, t\u00eb realizuar m\u00eb 29 janar t\u00eb vitit 2022, Kusari-Lila pranon nj\u00eb p\u00ebrsh\u00ebndetje nga Kopaoniku dhe nj\u00eb ftes\u00eb q\u00eb pretendohej se i vinte nga Millan Radoi\u00e7iqi p\u00ebr vizit\u00eb n\u00eb resortin turistik ku q\u00ebndronte ai, p\u00ebrtej kufirit me Kosov\u00ebn.<\/p>\n<p style=\"font-weight: 400;\">\u201cJa nj\u00eb p\u00ebrsh\u00ebndetje nga Kopaoniku [qesh]\u201d, i shkruan Simiq, Kusari-Lil\u00ebs duke i propozuar asaj q\u00eb shkonte p\u00ebr vizit\u00eb n\u00eb Kopaonik, ku Radoi\u00e7iq zot\u00ebron nj\u00eb hotel n\u00eb t\u00eb cilin q\u00ebndronte asokohe. \u201cPra, t\u00eb jemi sh\u00ebndosh dhe ti vjen k\u00ebtu n\u00eb mal\u201d.<\/p>\n<p style=\"font-weight: 400;\">Kusari-Lila, e cila kishte krijuar raporte gati miq\u00ebsore me Simiqin, aty p\u00ebr aty nuk e refuzon ftes\u00ebn.<\/p>\n<p style=\"font-weight: 400;\">\u201cShefja e Grupit Parlamentar t\u00eb VV-s\u00eb n\u00eb Kopaonik [qesh]\u201d, i p\u00ebrgjigjet ajo ftes\u00ebs s\u00eb Simiqit, tregon biseda e par\u00eb mes tyre.<\/p>\n<p style=\"font-weight: 400;\">\u201cE pse jo?\u201d, ia kthen Simiqi.<\/p>\n<p><a href=\"https:\/\/radiostargjilan.com\/web\/wp-content\/uploads\/2024\/10\/IMG_0328.jpeg\"><img loading=\"lazy\" loading=\"lazy\" decoding=\"async\" class=\"alignnone size-full wp-image-182948\" src=\"https:\/\/radiostargjilan.com\/web\/wp-content\/uploads\/2024\/10\/IMG_0328.jpeg\" alt=\"\" width=\"778\" height=\"1600\" srcset=\"https:\/\/radiostargjilan.com\/web\/wp-content\/uploads\/2024\/10\/IMG_0328.jpeg 778w, https:\/\/radiostargjilan.com\/web\/wp-content\/uploads\/2024\/10\/IMG_0328-146x300.jpeg 146w, https:\/\/radiostargjilan.com\/web\/wp-content\/uploads\/2024\/10\/IMG_0328-498x1024.jpeg 498w, https:\/\/radiostargjilan.com\/web\/wp-content\/uploads\/2024\/10\/IMG_0328-768x1579.jpeg 768w, https:\/\/radiostargjilan.com\/web\/wp-content\/uploads\/2024\/10\/IMG_0328-747x1536.jpeg 747w\" sizes=\"auto, (max-width: 778px) 100vw, 778px\" \/><\/a><\/p>\n<p style=\"font-weight: 400;\">\u201cE pse jo?\u201d, ia kthen Simiqi.<\/p>\n<p style=\"font-weight: 400;\">Nga ftesa p\u00ebr vizit\u00ebn n\u00eb Kopaonik, ata kalojn\u00eb direkt n\u00eb tem\u00eb. Bisedojn\u00eb p\u00ebr \u00e7\u00ebshtjen e energjis\u00eb elektrike n\u00eb veri. Kusari-Lila e pyet ish-shefin e Grupit Parlamentar t\u00eb List\u00ebs Serbe p\u00ebr koh\u00ebn se \u201ckur do t\u00eb gjejm\u00eb zgjidhje p\u00ebr rrym\u00ebn n\u00eb veri\u201d.<\/p>\n<p style=\"font-weight: 400;\">T\u00eb dy bien n\u00eb ujdi q\u00eb t\u00eb gjejn\u00eb nj\u00eb zgjidhje p\u00ebr k\u00ebt\u00eb \u00e7\u00ebshtje.<\/p>\n<p style=\"font-weight: 400;\">\u201cKur gjejm\u00eb zgjidhje p\u00ebr rrym\u00ebn n\u00eb veri [qesh]\u201d, i shkruan Kusari-Lila, Simiqit.<\/p>\n<p style=\"font-weight: 400;\">Simiq, ia kthen pozitivisht.<\/p>\n<p style=\"font-weight: 400;\">\u201cB\u00ebn\u201d, i p\u00ebrgjigjet Simiqi. \u201cMbaje n\u00eb mend \u00e7far\u00eb ke th\u00ebn\u00eb\u201d.<\/p>\n<p style=\"font-weight: 400;\">\u201c\u00c7far\u00eb kam th\u00ebn\u00eb?!\u201d, pyet me habi Kusari-Lila.<\/p>\n<p style=\"font-weight: 400;\">\n<p style=\"font-weight: 400;\">\u201cAaaaa t\u00eb vij ta b\u00ebjm\u00eb zgjidhjen p\u00ebr rrym\u00eb\u201d, p\u00ebrgjigjet s\u00ebrish Simiq.<\/p>\n<p style=\"font-weight: 400;\">\u201cPo natyrisht\u201d, pohon ajo.<\/p>\n<p style=\"font-weight: 400;\">\u201cU mor\u00ebm vesh\u201d, e mbyll bised\u00ebn Simiq.<\/p>\n<p style=\"font-weight: 400;\">N\u00eb nj\u00eb bised\u00eb tjet\u00ebr, Kusari-Lila dhe Simiq flasin p\u00ebr shqyrtimet e disa ligjeve n\u00eb nj\u00eb seanc\u00eb plenare t\u00eb Kuvendit t\u00eb Kosov\u00ebs.<\/p>\n<p style=\"font-weight: 400;\">Biseda, e zhvilluar m\u00eb 8 shkurt t\u00eb vitit 2022, d\u00ebshmon urgjenc\u00ebn e Kusari-Lil\u00ebs p\u00ebr koordinim me List\u00ebn Serbe.<\/p>\n<p style=\"font-weight: 400;\">Shefja e deputet\u00ebve t\u00eb LVV-s\u00eb interesohet n\u00ebse deputet\u00ebt e List\u00ebs Serbe do t\u00eb shkonin n\u00eb seanc\u00ebn q\u00eb do t\u00eb mbahej t\u00eb nes\u00ebrmen.<\/p>\n<p style=\"font-weight: 400;\">Simiq ia konfirmon vendimin e partis\u00eb p\u00ebr t\u00eb mos marr\u00eb pjes\u00eb n\u00eb seanc\u00eb. I arsyetohet me shpjegimin se 12 deputet\u00ebt e List\u00ebs Serbe ishin infektuar me koronavirus gjat\u00eb nj\u00eb vizite te Radoi\u00e7iqi n\u00eb Kopaonik.<\/p>\n<p style=\"font-weight: 400;\">\u201cP\u00ebrsh\u00ebndetje Sllavko, a do t\u00eb vini nes\u00ebr n\u00eb seanc\u00ebn e Kuvendit?\u201d, interesohet Kusari-Lila p\u00ebr vendimin e Grupit Parlamentar t\u00eb List\u00ebs Serbe. \u201cVazhdimi \u00ebsht\u00eb nes\u00ebr n\u00eb or\u00ebn 11:00\u201d.<\/p>\n<p><a href=\"https:\/\/radiostargjilan.com\/web\/wp-content\/uploads\/2024\/10\/IMG_0329.jpeg\"><img loading=\"lazy\" loading=\"lazy\" decoding=\"async\" class=\"alignnone size-full wp-image-182949\" src=\"https:\/\/radiostargjilan.com\/web\/wp-content\/uploads\/2024\/10\/IMG_0329.jpeg\" alt=\"\" width=\"778\" height=\"1600\" srcset=\"https:\/\/radiostargjilan.com\/web\/wp-content\/uploads\/2024\/10\/IMG_0329.jpeg 778w, https:\/\/radiostargjilan.com\/web\/wp-content\/uploads\/2024\/10\/IMG_0329-146x300.jpeg 146w, https:\/\/radiostargjilan.com\/web\/wp-content\/uploads\/2024\/10\/IMG_0329-498x1024.jpeg 498w, https:\/\/radiostargjilan.com\/web\/wp-content\/uploads\/2024\/10\/IMG_0329-768x1579.jpeg 768w, https:\/\/radiostargjilan.com\/web\/wp-content\/uploads\/2024\/10\/IMG_0329-747x1536.jpeg 747w\" sizes=\"auto, (max-width: 778px) 100vw, 778px\" \/><\/a><\/p>\n<p style=\"font-weight: 400;\">\u201cP\u00ebrsh\u00ebndetje, Ishim te ai shoku n\u00eb Kopaonik, p\u00ebr ta vizituar, ai \u00ebsht\u00eb me koron\u00eb, dhe t\u00eb gjith\u00ebve na infektoi me koron\u00eb, t\u00eb gjith\u00eb 12 deputet\u00ebve\u201d, ia kthen Simiqi, Kusari-Lil\u00ebs.<\/p>\n<p style=\"font-weight: 400;\">Kusari-Lila e kupton se Radoi\u00e7iq, kryetari faktik i List\u00ebs Serbe, nuk po i lejonte deputet\u00ebt t\u00eb merrnin pjes\u00eb n\u00eb seanc\u00eb. Por, ajo insiston t\u00eb informohet n\u00ebse dy deputet\u00ebt e komuniteteve t\u00eb tjera, Adem Hodza e Fadil Gashi, do t\u00eb shkonin n\u00eb seanc\u00eb.<\/p>\n<p style=\"font-weight: 400;\">\u201cSi bre 12 deputet\u00eb p\u00ebrs\u00ebri me koron\u00eb\u201d, p\u00ebrgjigjet me habi ajo. \u201cA e keni marr\u00eb Bajramin dhe Ademin me veti? M\u00eb fal, Fadilin dhe Bajramin?\u201d.<\/p>\n<p style=\"font-weight: 400;\">Simiq ia kthen: \u201cT\u00eb gjith\u00eb p\u00ebr Zotin [qesh]\u201d.<\/p>\n<p style=\"font-weight: 400;\">N\u00eb bised\u00ebn e tret\u00eb mes tyre, t\u00eb dy merren vesh q\u00eb t\u00eb caktojn\u00eb nj\u00eb takim p\u00ebr Simiqin me kryeministrin Albin Kurti.<\/p>\n<p style=\"font-weight: 400;\">Simiq, i cili planifikonte t\u00eb shkonte n\u00eb takim n\u00eb kat\u00ebr sy me Kurtin, e njoftonte Kusari-Lil\u00ebn p\u00ebrmes mesazheve n\u00eb WhatsApp se \u201ckishte marr\u00eb drit\u00ebn e gjelb\u00ebr\u201d p\u00ebr takim me kryeministrin.<\/p>\n<p style=\"font-weight: 400;\">Kusari-Lila ia konfirmonte se do t\u00eb angazhohej q\u00eb takimi t\u00eb ndodhte. M\u00eb von\u00eb, e njoftonte Simiqin p\u00ebr or\u00ebn e takimit.<\/p>\n<p style=\"font-weight: 400;\">\u201cKolege, kam marr\u00eb drit\u00ebn e gjelb\u00ebr q\u00eb t\u00eb shihem me Kryeministrin dhe t\u00eb bisedojm\u00eb. N\u00ebse b\u00ebn nes\u00ebr, p\u00ebr mua \u00ebsht\u00eb OK\u201d, e informon Simiqi, Kusari-Lil\u00ebn.<\/p>\n<p><a href=\"https:\/\/radiostargjilan.com\/web\/wp-content\/uploads\/2024\/10\/IMG_0330.jpeg\"><img loading=\"lazy\" loading=\"lazy\" decoding=\"async\" class=\"alignnone size-full wp-image-182950\" src=\"https:\/\/radiostargjilan.com\/web\/wp-content\/uploads\/2024\/10\/IMG_0330.jpeg\" alt=\"\" width=\"778\" height=\"1600\" srcset=\"https:\/\/radiostargjilan.com\/web\/wp-content\/uploads\/2024\/10\/IMG_0330.jpeg 778w, https:\/\/radiostargjilan.com\/web\/wp-content\/uploads\/2024\/10\/IMG_0330-146x300.jpeg 146w, https:\/\/radiostargjilan.com\/web\/wp-content\/uploads\/2024\/10\/IMG_0330-498x1024.jpeg 498w, https:\/\/radiostargjilan.com\/web\/wp-content\/uploads\/2024\/10\/IMG_0330-768x1579.jpeg 768w, https:\/\/radiostargjilan.com\/web\/wp-content\/uploads\/2024\/10\/IMG_0330-747x1536.jpeg 747w\" sizes=\"auto, (max-width: 778px) 100vw, 778px\" \/><\/a><\/p>\n<p style=\"font-weight: 400;\">\u201cSuper, do t\u00eb t\u00eb lajm\u00ebroj p\u00ebr koh\u00ebn e sakt\u00eb\u201d, i p\u00ebrgjigjet Kusari-Lila.<\/p>\n<p style=\"font-weight: 400;\">Pak koh\u00eb m\u00eb von\u00eb, gjat\u00eb asaj bisede, Kusari-Lila ia konfirmon Simiqit terminin e takimit me kryeministrin.<\/p>\n<p style=\"font-weight: 400;\">\u201cN\u00eb or\u00ebn 11:00 nes\u00ebr te Kryeministri\u201d, pohon ajo.<\/p>\n<p style=\"font-weight: 400;\">N\u00eb bised\u00ebn e kat\u00ebrt dhe t\u00eb fundit mes tyre, d\u00ebshmohet se sa t\u00eb af\u00ebrta dhe miq\u00ebsore ishte komunikimi mes Kusari-Lil\u00ebs dhe Simiqit.<\/p>\n<p style=\"font-weight: 400;\">Kusari-Lila, e quan \u201cv\u00eblla\u201d Simiqin, n\u00eb nj\u00eb bised\u00eb n\u00eb maj t\u00eb vitit 2022, n\u00eb t\u00eb cilin t\u00eb dy diskutojn\u00eb p\u00ebr Projektligjin p\u00ebr Pag\u00ebn Minimale.<\/p>\n<p style=\"font-weight: 400;\">N\u00eb k\u00ebt\u00eb bised\u00eb, t\u00eb zhvilluar n\u00eb maj t\u00eb vitit 2022, rreth nj\u00eb muaj para se Projektligji i cili do t\u2019i p\u00ebrjashtonte veteran\u00ebt nga paga minimale do t\u00eb votohej n\u00eb lexim t\u00eb par\u00eb Ligji p\u00ebr Pag\u00ebn Minimale, Kusari-Lila dhe Simiq negocionin p\u00ebr seanc\u00ebn kur do t\u00eb hidhej n\u00eb shqyrtim ky projektligj.<\/p>\n<p style=\"font-weight: 400;\">\u201cA do t\u00eb jeni nes\u00ebr n\u00eb seanc\u00eb? Duhet t\u00eb bisedojm\u00eb. E kemi shqyrtimin e jasht\u00ebzakonsh\u00ebm t\u00eb buxhetit p\u00ebr 2022 dhe projekt-propozimin p\u00ebr pag\u00ebn minimale\u201d, i kall\u00ebzonte Kusari-Lila, Simiqit p\u00ebr punimet e kuvendit.<\/p>\n<p><a href=\"https:\/\/radiostargjilan.com\/web\/wp-content\/uploads\/2024\/10\/IMG_0331.jpeg\"><img loading=\"lazy\" loading=\"lazy\" decoding=\"async\" class=\"alignnone size-full wp-image-182951\" src=\"https:\/\/radiostargjilan.com\/web\/wp-content\/uploads\/2024\/10\/IMG_0331.jpeg\" alt=\"\" width=\"778\" height=\"1600\" srcset=\"https:\/\/radiostargjilan.com\/web\/wp-content\/uploads\/2024\/10\/IMG_0331.jpeg 778w, https:\/\/radiostargjilan.com\/web\/wp-content\/uploads\/2024\/10\/IMG_0331-146x300.jpeg 146w, https:\/\/radiostargjilan.com\/web\/wp-content\/uploads\/2024\/10\/IMG_0331-498x1024.jpeg 498w, https:\/\/radiostargjilan.com\/web\/wp-content\/uploads\/2024\/10\/IMG_0331-768x1579.jpeg 768w, https:\/\/radiostargjilan.com\/web\/wp-content\/uploads\/2024\/10\/IMG_0331-747x1536.jpeg 747w\" sizes=\"auto, (max-width: 778px) 100vw, 778px\" \/><\/a><\/p>\n<p style=\"font-weight: 400;\">\u201cKur?\u201d, e pyeste Simiqi.<\/p>\n<p style=\"font-weight: 400;\">\u201cPo nes\u00ebr v\u00eblla\u201d, i p\u00ebrgjigjej ajo, ish-shefit t\u00eb Grupit Parlamentar t\u00eb List\u00ebs Serbe dhe i lutej atij ta informonte paraprakisht.<\/p>\n<p style=\"font-weight: 400;\">\u201cRreth or\u00ebs 10:00 Vazhdimi i seanc\u00ebs. T\u00eb lutem bisedo dhe m\u00eb lajm\u00ebro\u201d, i shkruante Kusari-Lila, Simiqi.<\/p>\n<p style=\"font-weight: 400;\"><b><strong>Biseda e par\u00eb<\/strong><\/b><\/p>\n<p style=\"font-weight: 400;\"><em>Sllavko Simiq: Ja nj\u00eb p\u00ebrsh\u00ebndetje nga Kopaoniku (qesh)<\/em><\/p>\n<p style=\"font-weight: 400;\"><em>Sllavko Simiq: Pra, t\u00eb jemi sh\u00ebndosh, dhe ti t\u00eb vjen k\u00ebtu n\u00eb mal<\/em><\/p>\n<p style=\"font-weight: 400;\"><em>Mimoza Kusari-Lila: Shefja e grupit parlamentar t\u00eb VV-s\u00eb n\u00eb Kopaonik (qesh)<\/em><\/p>\n<p style=\"font-weight: 400;\"><em>Sllavko Simiq: E pse jo<\/em><\/p>\n<p style=\"font-weight: 400;\"><em>Mimoza Kusari-Lila: M\u00eb her\u00ebt kam shkuar n\u00eb Mavrov\u00eb<\/em><\/p>\n<p style=\"font-weight: 400;\"><em>(E pse jo)<\/em><\/p>\n<p style=\"font-weight: 400;\"><em>Mimoza Kusari-Lila: Kur gjejm\u00eb zgjidhje p\u00ebr rrym\u00ebn n\u00eb Veri (qesh)<\/em><\/p>\n<p style=\"font-weight: 400;\"><em>Sllavko Simiq: B\u00ebn, Mbaj mend \u00e7far\u00eb ke th\u00ebn\u00eb<\/em><\/p>\n<p style=\"font-weight: 400;\"><em>Mimoza Kusari-Lila: \u00c7far\u00eb kam th\u00ebn\u00eb?!<\/em><\/p>\n<p style=\"font-weight: 400;\"><em>Mimoza Kusari-Lila: Aaaaa t\u00eb vij ta b\u00ebjm\u00eb zgjidhjen p\u00ebr rrym\u00eb<\/em><\/p>\n<p style=\"font-weight: 400;\"><em>Mimi: Po natyrisht<\/em><\/p>\n<p style=\"font-weight: 400;\"><em>Sllavko Simiq: Po<\/em><\/p>\n<p style=\"font-weight: 400;\"><em>Sllavko Simiq: U mor\u00ebm vesh<\/em><\/p>\n<p style=\"font-weight: 400;\"><b><strong>Biseda e dyt\u00eb<\/strong><\/b><\/p>\n<p style=\"font-weight: 400;\"><em>Mimoza Kusari-Lila: Hajde jam n\u00eb zyre<\/em><\/p>\n<p style=\"font-weight: 400;\">\n<p style=\"font-weight: 400;\"><em>(8. shkurt 2022)<\/em><\/p>\n<p style=\"font-weight: 400;\"><em>Mimoza Kusari-Lila: P\u00ebrsh\u00ebndetje Sllavko, a do t\u00eb vini nes\u00ebr n\u00eb seanc\u00ebn e Kuvendit?<\/em><\/p>\n<p style=\"font-weight: 400;\"><em>Mimoza Kusari-Lila: Vazhdimi \u00ebsht\u00eb nes\u00ebr n\u00eb or\u00ebn 11:00<\/em><\/p>\n<p style=\"font-weight: 400;\"><em>Sllavko Simiq: P\u00ebrsh\u00ebndetje, Ishim te ai shoku n\u00eb Kopaonik, p\u00ebr ta vizituar, ai \u00ebsht\u00eb me koron\u00eb, dhe t\u00eb gjith\u00ebve na infektoi me koron\u00eb, t\u00eb gjith\u00eb 12 deputet\u00eb<\/em><\/p>\n<p style=\"font-weight: 400;\"><em>Mimoza Kusari-Lila: (habitet) Si bre 12 deputet\u00eb p\u00ebrs\u00ebri me koron\u00eb<\/em><\/p>\n<p style=\"font-weight: 400;\"><em>Mimoza Kusari-Lila: A e keni marr\u00eb Bajramin dhe Ademin me veti ?<\/em><\/p>\n<p style=\"font-weight: 400;\"><em>Mimoza Kusari-Lila: M\u00eb fal, Fadilin dhe Bajramin?<\/em><\/p>\n<p style=\"font-weight: 400;\"><em>Sllavko Simiq: T\u00eb gjith\u00eb p\u00ebr Zotin (qesh)<\/em><\/p>\n<p style=\"font-weight: 400;\"><em>Mimoza Kusari-Lila: At\u00ebher\u00eb, shpresoj q\u00eb do ta kaloni leht\u00eb k\u00ebt\u00eb virus<\/em><\/p>\n<p style=\"font-weight: 400;\"><em>(nuk u realizua thirrja n\u00eb or\u00ebn 12:47)\u00a0\u00a0\u00a0\u00a0\u00a0\u00a0\u00a0\u00a0 <\/em><\/p>\n<p style=\"font-weight: 400;\"><b><strong>Biseda e tret\u00eb<\/strong><\/b><\/p>\n<p style=\"font-weight: 400;\">(18 prill 2022)<\/p>\n<p style=\"font-weight: 400;\"><em>Mimoza Kusari-Lila: Eja te un\u00eb n\u00eb zyre<\/em><\/p>\n<p style=\"font-weight: 400;\"><em>Sllavko Simiq: Hajde, vet\u00ebm t\u00eb kryej di\u00e7ka dhe po vij<\/em><\/p>\n<p style=\"font-weight: 400;\"><em>Sllavko Simiq: A b\u00ebn?<\/em><\/p>\n<p style=\"font-weight: 400;\"><em>Mimoza Kusari-Lila: B\u00ebn<\/em><\/p>\n<p style=\"font-weight: 400;\"><em>(nuk u realizua thirrja n\u00eb or\u00ebn 15:08)<\/em><\/p>\n<p style=\"font-weight: 400;\"><em>Sllavko Simiq: Kolege, Kam marr\u00eb drit\u00ebn e gjelb\u00ebr q\u00eb t\u00eb shihem me Kryeministrin dhe t\u00eb bisedojm\u00eb. N\u00ebse b\u00ebn nes\u00ebr, p\u00ebr mua \u00ebsht\u00eb OK.<\/em><\/p>\n<p style=\"font-weight: 400;\"><em>Mimoza Kusari-Lila: Super, do t\u00eb t\u00eb lajm\u00ebroj p\u00ebr koh\u00ebn e sakt\u00eb.<\/em><\/p>\n<p style=\"font-weight: 400;\"><em>Sllavko Simiq: N\u00eb rregull<\/em><\/p>\n<p style=\"font-weight: 400;\"><em>Mimoza Kusari-Lila: N\u00eb or\u00ebn 11:00 nes\u00ebr te Kryeministri<\/em><\/p>\n<p style=\"font-weight: 400;\"><em>Sllavko Simiq: N\u00eb rregull<\/em><\/p>\n<p style=\"font-weight: 400;\"><b><strong>Biseda e kat\u00ebrt<\/strong><\/b><\/p>\n<p style=\"font-weight: 400;\"><em>Mimoza Kusari-Lila: P\u00ebrsh\u00ebndetje Sllavko,<\/em><\/p>\n<p style=\"font-weight: 400;\"><em>Sllavko Simiq; P\u00ebrsh\u00ebndetje<\/em><\/p>\n<p style=\"font-weight: 400;\"><em>Mimoza Kusari-Lila: G\u00ebzuar fest\u00ebn, vet\u00ebm edhe t\u00eb kisha dit\u00eb se cila fest\u00eb \u00ebsht\u00eb sot<\/em><\/p>\n<p style=\"font-weight: 400;\"><em>Mimoza Kusari-Lila: A do t\u00eb jeni nes\u00ebr n\u00eb seanc\u00eb?<\/em><\/p>\n<p style=\"font-weight: 400;\"><em>\u00a0<\/em><\/p>\n<p style=\"font-weight: 400;\"><em>Mimoza Kusari-Lila: Duhet t\u00eb bisedojm\u00eb<\/em><\/p>\n<p style=\"font-weight: 400;\"><em>Mimoza Kusari-Lila: E kemi shqyrtimin e jasht\u00ebzakonsh\u00ebm t\u00eb buxhetit p\u00ebr 2022<\/em><\/p>\n<p style=\"font-weight: 400;\"><em>Mimoza Kusari-Lila: Dhe projekt-propozimin p\u00ebr Pag\u00ebn minimale<\/em><\/p>\n<p style=\"font-weight: 400;\"><em>Sllavko Simiq: Kur<\/em><\/p>\n<p style=\"font-weight: 400;\"><em>Mimoza Kusari-Lila: Dmth ajo q\u00eb do t\u00eb dyfishohet<\/em><\/p>\n<p style=\"font-weight: 400;\"><em>(Sllavko Simiq: Kur)<\/em><\/p>\n<p style=\"font-weight: 400;\"><em>Mimoza Kusari-Lila: Po nes\u00ebr v\u00eblla<\/em><\/p>\n<p style=\"font-weight: 400;\"><em>Mimoza Kusari-Lila: Rreth or\u00ebs 10:00<\/em><\/p>\n<p style=\"font-weight: 400;\"><em>Mimoza Kusari-Lila Vazhdimi i seanc\u00ebs<\/em><\/p>\n<p style=\"font-weight: 400;\"><em>Mimoza Kusari-Lila: T\u00eb lutem bisedo dhe m\u00eb lajm\u00ebro<\/em><\/p>\n<p style=\"font-weight: 400;\"><em>Sllavko Simiq: OK t\u00eb lajm\u00ebroj<\/em><\/p>\n<p style=\"font-weight: 400; text-align: left;\">\/Paparaci\/<\/p>\n","protected":false},"excerpt":{"rendered":"<p>Kat\u00ebr biseda t\u00eb Mimoza Kusari-Lil\u00ebs me Sllavko Simiqin, zbulojn\u00eb p\u00ebrpjekjet e shefes s\u00eb Grupit Parlamentar t\u00eb L\u00ebvizjes Vet\u00ebvendosje p\u00ebr koordinim me List\u00ebn Serbe. Bisedat n\u00eb WhatsApp d\u00ebshmojn\u00eb \u201ckapitullimin\u201d e LVV-s\u00eb para List\u00ebs Serbe p\u00ebr kalimin e ligjeve n\u00eb kuvend dhe p\u00ebr \u00e7\u00ebshtjen e energjis\u00eb elektrike n\u00eb veri. Kusari-Lila e quan v\u00eblla Simiqin. T\u00eb dy merren [&hellip;]<\/p>\n","protected":false},"author":1,"featured_media":182952,"comment_status":"closed","ping_status":"closed","sticky":false,"template":"","format":"standard","meta":{"footnotes":""},"categories":[5],"tags":[],"class_list":{"0":"post-182947","1":"post","2":"type-post","3":"status-publish","4":"format-standard","5":"has-post-thumbnail","7":"category-lajme"},"_links":{"self":[{"href":"https:\/\/radiostargjilan.com\/web\/wp-json\/wp\/v2\/posts\/182947","targetHints":{"allow":["GET"]}}],"collection":[{"href":"https:\/\/radiostargjilan.com\/web\/wp-json\/wp\/v2\/posts"}],"about":[{"href":"https:\/\/radiostargjilan.com\/web\/wp-json\/wp\/v2\/types\/post"}],"author":[{"embeddable":true,"href":"https:\/\/radiostargjilan.com\/web\/wp-json\/wp\/v2\/users\/1"}],"replies":[{"embeddable":true,"href":"https:\/\/radiostargjilan.com\/web\/wp-json\/wp\/v2\/comments?post=182947"}],"version-history":[{"count":0,"href":"https:\/\/radiostargjilan.com\/web\/wp-json\/wp\/v2\/posts\/182947\/revisions"}],"wp:featuredmedia":[{"embeddable":true,"href":"https:\/\/radiostargjilan.com\/web\/wp-json\/wp\/v2\/media\/182952"}],"wp:attachment":[{"href":"https:\/\/radiostargjilan.com\/web\/wp-json\/wp\/v2\/media?parent=182947"}],"wp:term":[{"taxonomy":"category","embeddable":true,"href":"https:\/\/radiostargjilan.com\/web\/wp-json\/wp\/v2\/categories?post=182947"},{"taxonomy":"post_tag","embeddable":true,"href":"https:\/\/radiostargjilan.com\/web\/wp-json\/wp\/v2\/tags?post=182947"}],"curies":[{"name":"wp","href":"https:\/\/api.w.org\/{rel}","templated":true}]}}