{"id":182963,"date":"2024-10-15T17:21:23","date_gmt":"2024-10-15T15:21:23","guid":{"rendered":"https:\/\/radiostargjilan.com\/web\/?p=182963"},"modified":"2024-10-15T17:21:23","modified_gmt":"2024-10-15T15:21:23","slug":"hapja-e-kapitujve-per-anetaresim-ne-be-osmani-uron-shqiperine","status":"publish","type":"post","link":"https:\/\/radiostargjilan.com\/web\/hapja-e-kapitujve-per-anetaresim-ne-be-osmani-uron-shqiperine\/","title":{"rendered":"Hapja e kapitujve p\u00ebr an\u00ebtar\u00ebsim n\u00eb BE, Osmani uron Shqip\u00ebrin\u00eb"},"content":{"rendered":"<p>Presidentja e Kosov\u00ebs Vjosa Osmani, ka uruar Shqip\u00ebrin\u00eb p\u00ebr hapjen e kapitujve t\u00eb an\u00ebtar\u00ebsimit n\u00eb BE.<\/p>\n<p>Osmani e cil\u00ebsoi si moment historik.<\/p>\n<p>\u201cUrime Shqip\u00ebris\u00eb p\u00ebr arritjen e nj\u00eb momenti historik t\u00eb madh n\u00eb rrug\u00ebtimin e saj drejt an\u00ebtar\u00ebsimit n\u00eb BE!\u201d, shkroi ajo.<\/p>\n<p>Tutje, e para e shtetit t\u00eb Kosov\u00ebs, ka th\u00ebn\u00eb se hapja e kapitujve t\u00eb an\u00ebtar\u00ebsimit n\u00eb BE e sjell Shqip\u00ebrin\u00eb nj\u00eb hap m\u00eb pran\u00eb nj\u00eb t\u00eb ardhmeje m\u00eb t\u00eb ndritshme dhe m\u00eb t\u00eb begat\u00eb p\u00ebr t\u00eb gjith\u00eb qytetar\u00ebt e saj.<\/p>\n<p>\u201cShqip\u00ebria, Kosova dhe vendet e tjera demokratike n\u00eb rajonin ton\u00eb duhet t\u00eb vazhdojn\u00eb t\u00eb p\u00ebrparojn\u00eb n\u00eb rrug\u00ebt e tyre drejt BE-s\u00eb, e cila \u00ebsht\u00eb thelb\u00ebsore p\u00ebr sigurimin e paqes dhe stabilitetit t\u00eb q\u00ebndruesh\u00ebm \u2013 jo vet\u00ebm p\u00ebr rajonin, por p\u00ebr t\u00eb gjith\u00eb Evrop\u00ebn\u201d, ka shkruar Osmani n\u00eb X.<\/p>\n","protected":false},"excerpt":{"rendered":"<p>Presidentja e Kosov\u00ebs Vjosa Osmani, ka uruar Shqip\u00ebrin\u00eb p\u00ebr hapjen e kapitujve t\u00eb an\u00ebtar\u00ebsimit n\u00eb BE. Osmani e cil\u00ebsoi si moment historik. \u201cUrime Shqip\u00ebris\u00eb p\u00ebr arritjen e nj\u00eb momenti historik t\u00eb madh n\u00eb rrug\u00ebtimin e saj drejt an\u00ebtar\u00ebsimit n\u00eb BE!\u201d, shkroi ajo. Tutje, e para e shtetit t\u00eb Kosov\u00ebs, ka th\u00ebn\u00eb se hapja e kapitujve [&hellip;]<\/p>\n","protected":false},"author":1,"featured_media":182964,"comment_status":"closed","ping_status":"closed","sticky":false,"template":"","format":"standard","meta":{"footnotes":""},"categories":[5],"tags":[],"class_list":{"0":"post-182963","1":"post","2":"type-post","3":"status-publish","4":"format-standard","5":"has-post-thumbnail","7":"category-lajme"},"_links":{"self":[{"href":"https:\/\/radiostargjilan.com\/web\/wp-json\/wp\/v2\/posts\/182963","targetHints":{"allow":["GET"]}}],"collection":[{"href":"https:\/\/radiostargjilan.com\/web\/wp-json\/wp\/v2\/posts"}],"about":[{"href":"https:\/\/radiostargjilan.com\/web\/wp-json\/wp\/v2\/types\/post"}],"author":[{"embeddable":true,"href":"https:\/\/radiostargjilan.com\/web\/wp-json\/wp\/v2\/users\/1"}],"replies":[{"embeddable":true,"href":"https:\/\/radiostargjilan.com\/web\/wp-json\/wp\/v2\/comments?post=182963"}],"version-history":[{"count":0,"href":"https:\/\/radiostargjilan.com\/web\/wp-json\/wp\/v2\/posts\/182963\/revisions"}],"wp:featuredmedia":[{"embeddable":true,"href":"https:\/\/radiostargjilan.com\/web\/wp-json\/wp\/v2\/media\/182964"}],"wp:attachment":[{"href":"https:\/\/radiostargjilan.com\/web\/wp-json\/wp\/v2\/media?parent=182963"}],"wp:term":[{"taxonomy":"category","embeddable":true,"href":"https:\/\/radiostargjilan.com\/web\/wp-json\/wp\/v2\/categories?post=182963"},{"taxonomy":"post_tag","embeddable":true,"href":"https:\/\/radiostargjilan.com\/web\/wp-json\/wp\/v2\/tags?post=182963"}],"curies":[{"name":"wp","href":"https:\/\/api.w.org\/{rel}","templated":true}]}}