{"id":183273,"date":"2024-10-20T16:24:37","date_gmt":"2024-10-20T14:24:37","guid":{"rendered":"https:\/\/radiostargjilan.com\/web\/?p=183273"},"modified":"2024-10-20T16:24:37","modified_gmt":"2024-10-20T14:24:37","slug":"shukri-buja-ftohet-nga-dhomat-e-specializuara-ne-hage","status":"publish","type":"post","link":"https:\/\/radiostargjilan.com\/web\/shukri-buja-ftohet-nga-dhomat-e-specializuara-ne-hage\/","title":{"rendered":"Shukri Buja ftohet nga Dhomat e Specializuara n\u00eb Hag\u00eb"},"content":{"rendered":"<p>Ish-komandanti i U\u00c7K-s\u00eb p\u00ebr Zon\u00ebn e Nerodim\u00ebs, Shukri Buja ka njoftuar se ka udh\u00ebtuar p\u00ebr n\u00eb Hag\u00eb pasi \u00ebsht\u00eb ftuar nga Dhomat e Specializuara.<\/p>\n<p>Buja p\u00ebrmes nj\u00eb postimi n\u00eb Facebook ka th\u00ebn\u00eb se ka udh\u00ebtuar pa d\u00ebshir\u00ebn e tij, raporton teve1.info<\/p>\n<p>\u201cT\u00eb nderuar bashk\u00ebluft\u00ebtar\u00eb, miq dhe dashamir\u00eb, t\u00eb nderuar qytetar\u00eb!\u00a0 Me ftes\u00eb nga Dhomat e Specializuara t\u00eb Kosov\u00ebs me seli n\u00eb Hag\u00eb, sot pa d\u00ebshir\u00ebn time, me ftes\u00eb t\u00eb detyruar t\u00eb paraqitjes, udh\u00ebtova p\u00ebr n\u00eb Hag\u00eb. U\u00c7K-ja ishte e shenjt\u00eb, ishte kund\u00ebr pushtuesit, fal\u00eb luft\u00ebs s\u00eb saj t\u00eb armatosur dhe fal\u00eb p\u00ebrkrahjes s\u00eb aleateve n\u00eb ve\u00e7anti nga SHBA-t\u00eb ne e g\u00ebzojm\u00eb lirin\u00eb sot. Lufta \u00e7lirimtare n\u00eb Kosov\u00eb ishte e imponueshme, e domosdoshme dhe e drejt\u00eb, ngaq\u00eb ishte e drejtuar kund\u00ebr nj\u00eb pushtuesi, i cili p\u00ebrpiqej me zjarr dhe hekur t\u00eb kryente spastrimin e p\u00ebrgjaksh\u00ebm etnik t\u00eb Kosov\u00ebs. Lufta \u00e7lirimtare solli lirin\u00eb dhe pavar\u00ebsin\u00eb q\u00eb shum\u00eb po e g\u00ebzojn\u00eb sot, nd\u00ebrsa bijt\u00eb m\u00eb t\u00eb mir\u00eb t\u00eb k\u00ebtij vendi u akuzuan dhe po mbahen padrejt\u00ebsisht n\u00eb burg. Besoj n\u00eb pafaj\u00ebsin\u00eb e bashk\u00ebluft\u00ebtar\u00ebve!\u201d \u2013 ka shkruar iBuja.<\/p>\n<p><iframe loading=\"lazy\" src=\"https:\/\/www.facebook.com\/plugins\/post.php?href=https%3A%2F%2Fwww.facebook.com%2Fpermalink.php%3Fstory_fbid%3Dpfbid0gq8YkE9VQqpiJtxa7KhNkgrrPeVpnNg5cFLs8CJ3w2ARVjkU6QGB8W6uYRDuu7tul%26id%3D61553392673121&amp;show_text=true&amp;width=500\" width=\"500\" height=\"571\" frameborder=\"0\" scrolling=\"no\" allowfullscreen=\"allowfullscreen\" data-mce-fragment=\"1\"><\/iframe><\/p>\n<p>Ndryshe, Buja ishte intervistuar m\u00eb her\u00ebt nga Dhomat e Specializuara n\u00eb Hag\u00eb. Ai kishte qen\u00eb n\u00eb Hag\u00eb n\u00eb korrik t\u00eb vitit 2019.<\/p>\n","protected":false},"excerpt":{"rendered":"<p>Ish-komandanti i U\u00c7K-s\u00eb p\u00ebr Zon\u00ebn e Nerodim\u00ebs, Shukri Buja ka njoftuar se ka udh\u00ebtuar p\u00ebr n\u00eb Hag\u00eb pasi \u00ebsht\u00eb ftuar nga Dhomat e Specializuara. Buja p\u00ebrmes nj\u00eb postimi n\u00eb Facebook ka th\u00ebn\u00eb se ka udh\u00ebtuar pa d\u00ebshir\u00ebn e tij, raporton teve1.info \u201cT\u00eb nderuar bashk\u00ebluft\u00ebtar\u00eb, miq dhe dashamir\u00eb, t\u00eb nderuar qytetar\u00eb!\u00a0 Me ftes\u00eb nga Dhomat e [&hellip;]<\/p>\n","protected":false},"author":1,"featured_media":183274,"comment_status":"closed","ping_status":"closed","sticky":false,"template":"","format":"standard","meta":{"footnotes":""},"categories":[5],"tags":[],"class_list":{"0":"post-183273","1":"post","2":"type-post","3":"status-publish","4":"format-standard","5":"has-post-thumbnail","7":"category-lajme"},"_links":{"self":[{"href":"https:\/\/radiostargjilan.com\/web\/wp-json\/wp\/v2\/posts\/183273","targetHints":{"allow":["GET"]}}],"collection":[{"href":"https:\/\/radiostargjilan.com\/web\/wp-json\/wp\/v2\/posts"}],"about":[{"href":"https:\/\/radiostargjilan.com\/web\/wp-json\/wp\/v2\/types\/post"}],"author":[{"embeddable":true,"href":"https:\/\/radiostargjilan.com\/web\/wp-json\/wp\/v2\/users\/1"}],"replies":[{"embeddable":true,"href":"https:\/\/radiostargjilan.com\/web\/wp-json\/wp\/v2\/comments?post=183273"}],"version-history":[{"count":0,"href":"https:\/\/radiostargjilan.com\/web\/wp-json\/wp\/v2\/posts\/183273\/revisions"}],"wp:featuredmedia":[{"embeddable":true,"href":"https:\/\/radiostargjilan.com\/web\/wp-json\/wp\/v2\/media\/183274"}],"wp:attachment":[{"href":"https:\/\/radiostargjilan.com\/web\/wp-json\/wp\/v2\/media?parent=183273"}],"wp:term":[{"taxonomy":"category","embeddable":true,"href":"https:\/\/radiostargjilan.com\/web\/wp-json\/wp\/v2\/categories?post=183273"},{"taxonomy":"post_tag","embeddable":true,"href":"https:\/\/radiostargjilan.com\/web\/wp-json\/wp\/v2\/tags?post=183273"}],"curies":[{"name":"wp","href":"https:\/\/api.w.org\/{rel}","templated":true}]}}