{"id":183680,"date":"2024-10-25T19:29:34","date_gmt":"2024-10-25T17:29:34","guid":{"rendered":"https:\/\/radiostargjilan.com\/web\/?p=183680"},"modified":"2024-10-25T19:29:34","modified_gmt":"2024-10-25T17:29:34","slug":"nuhiu-komenton-humbjen-ndaj-ferizajt-dhe-flet-per-sfiden-e-neserme-te-gjilanit-kunder-llapit","status":"publish","type":"post","link":"https:\/\/radiostargjilan.com\/web\/nuhiu-komenton-humbjen-ndaj-ferizajt-dhe-flet-per-sfiden-e-neserme-te-gjilanit-kunder-llapit\/","title":{"rendered":"Nuhiu komenton humbjen ndaj Ferizajt dhe flet p\u00ebr sfid\u00ebn e nes\u00ebrme t\u00eb Gjilanit kund\u00ebr Llapit"},"content":{"rendered":"<p>Ardian Nuhiu \u00ebsht\u00eb paraqitur n\u00eb konferenc\u00ebn p\u00ebr shtyp para gazetar\u00ebve n\u00eb vigjilje t\u00eb ndeshjes s\u00eb radh\u00ebs kampionale ndaj Llapit, sfid\u00eb kjo e cila do zhvillohet n\u00eb Gjilan.<\/p>\n<p>Tekniku i \u2018kuqebardh\u00ebve\u2019 ka folur n\u00eb lidhje me p\u00ebrgatitjet p\u00ebr duelin e s\u00eb shtun\u00ebs, disfat\u00ebn e fundit kampionale, si dhe munges\u00ebn e rezultateve pozitive.<\/p>\n<p>Nuhiu \u00ebsht\u00eb shprehur optimist se skuadra q\u00eb ai drejton do t\u00eb dal nga ky ng\u00ebr\u00e7 i rezultateve, pasi q\u00eb futbollist\u00ebt po e ndjekim frym\u00ebn dhe filozofin\u00eb e stafit. P\u00ebr m\u00eb shum\u00eb ai beson se ky grup ka potencial p\u00ebr ta b\u00ebr\u00eb k\u00ebt\u00eb gj\u00eb.<\/p>\n<p>\u201cLlapi \u00ebsht\u00eb nj\u00eb skuad\u00ebr p\u00ebr t\u2019u rrespektuar, pasi q\u00eb ka qen\u00eb pretendent n\u00eb vitet e fundit t\u00eb futbollit kosovar dhe p\u00ebr m\u00eb tep\u00ebr q\u00eb tashm\u00eb n\u00eb radh\u00ebt e veta ka futbollist shum\u00eb cil\u00ebsor. Po ashtu kan\u00eb nj\u00eb trajner i cili punon gjat\u00eb me k\u00ebt\u00eb skuad\u00ebr dhe dijn\u00eb sakt se \u00e7far\u00eb duhet t\u00eb b\u00ebjn\u00eb n\u00eb k\u00ebt\u00eb ndeshje. Sa i p\u00ebrket skuadr\u00ebs time, ata e kan\u00eb d\u00ebshmuar q\u00eb n\u00eb ndeshjet me skuadrat q\u00eb pretendojn\u00eb pjes\u00ebn e ep\u00ebrme t\u00eb klasifikimit e kan\u00eb d\u00ebshmuar se potenciali \u00ebsht\u00eb te grupi dhe kam besim t\u00eb plot\u00eb p\u00ebr paraqitjen e nes\u00ebrme ndaj Llapit. Kemi punuar n\u00eb aspektin psikologjik, pasi vijm\u00eb nga nj\u00eb humbje n\u00eb sht\u00ebpi, t\u00eb cil\u00ebn nuk e mendojm\u00eb fare dhe ajo tashm\u00eb i kalon t\u00eb kaluar\u00ebs. I gjith\u00eb fokusi \u00ebsht\u00eb n\u00eb ndeshjen e radh\u00ebs, t\u00eb b\u00ebjm\u00eb mir\u00eb dhe t\u00eb marrim fitore\u201d, potencoi Nuhiu.<\/p>\n<p>Disfata shokuese ndaj Ferizajt?!<\/p>\n<p>\u201cKishim n\u00eb kontroll ndeshjen sa i p\u00ebrket posedimit, mir\u00ebpo kund\u00ebrshtari na nd\u00ebshkoi n\u00eb kund\u00ebrsulme. Na mungoi koncentrimi, pasi q\u00eb kund\u00ebrshtari na krijoi raste p\u00ebr sh\u00ebnimi. N\u00eb pjes\u00ebn e dyt\u00eb sh\u00ebnuam dhe u afruam golit t\u00eb barazimit duke krijuar disa mund\u00ebsi t\u00eb mira sh\u00ebnimi, por n\u00eb momentet m\u00eb t\u00eb mira u nd\u00ebshkuam me kartonin e par\u00eb t\u00eb kuq, m\u00eb pastaj edhe t\u00eb dytin. P\u00ebr ne tashm\u00eb ajo ndeshje \u00ebsht\u00eb e harruar me leksionet t\u00eb cilat i kemi marr\u00eb. Jemi t\u00eb fokusuar dhe p\u00ebrqendruar te ndeshja e radh\u00ebs\u201d.<\/p>\n","protected":false},"excerpt":{"rendered":"<p>Ardian Nuhiu \u00ebsht\u00eb paraqitur n\u00eb konferenc\u00ebn p\u00ebr shtyp para gazetar\u00ebve n\u00eb vigjilje t\u00eb ndeshjes s\u00eb radh\u00ebs kampionale ndaj Llapit, sfid\u00eb kjo e cila do zhvillohet n\u00eb Gjilan. Tekniku i \u2018kuqebardh\u00ebve\u2019 ka folur n\u00eb lidhje me p\u00ebrgatitjet p\u00ebr duelin e s\u00eb shtun\u00ebs, disfat\u00ebn e fundit kampionale, si dhe munges\u00ebn e rezultateve pozitive. Nuhiu \u00ebsht\u00eb shprehur optimist [&hellip;]<\/p>\n","protected":false},"author":1,"featured_media":183681,"comment_status":"closed","ping_status":"closed","sticky":false,"template":"","format":"standard","meta":{"footnotes":""},"categories":[7],"tags":[],"class_list":{"0":"post-183680","1":"post","2":"type-post","3":"status-publish","4":"format-standard","5":"has-post-thumbnail","7":"category-sports"},"_links":{"self":[{"href":"https:\/\/radiostargjilan.com\/web\/wp-json\/wp\/v2\/posts\/183680","targetHints":{"allow":["GET"]}}],"collection":[{"href":"https:\/\/radiostargjilan.com\/web\/wp-json\/wp\/v2\/posts"}],"about":[{"href":"https:\/\/radiostargjilan.com\/web\/wp-json\/wp\/v2\/types\/post"}],"author":[{"embeddable":true,"href":"https:\/\/radiostargjilan.com\/web\/wp-json\/wp\/v2\/users\/1"}],"replies":[{"embeddable":true,"href":"https:\/\/radiostargjilan.com\/web\/wp-json\/wp\/v2\/comments?post=183680"}],"version-history":[{"count":0,"href":"https:\/\/radiostargjilan.com\/web\/wp-json\/wp\/v2\/posts\/183680\/revisions"}],"wp:featuredmedia":[{"embeddable":true,"href":"https:\/\/radiostargjilan.com\/web\/wp-json\/wp\/v2\/media\/183681"}],"wp:attachment":[{"href":"https:\/\/radiostargjilan.com\/web\/wp-json\/wp\/v2\/media?parent=183680"}],"wp:term":[{"taxonomy":"category","embeddable":true,"href":"https:\/\/radiostargjilan.com\/web\/wp-json\/wp\/v2\/categories?post=183680"},{"taxonomy":"post_tag","embeddable":true,"href":"https:\/\/radiostargjilan.com\/web\/wp-json\/wp\/v2\/tags?post=183680"}],"curies":[{"name":"wp","href":"https:\/\/api.w.org\/{rel}","templated":true}]}}