{"id":183732,"date":"2024-10-26T13:05:23","date_gmt":"2024-10-26T11:05:23","guid":{"rendered":"https:\/\/radiostargjilan.com\/web\/?p=183732"},"modified":"2024-10-26T13:05:23","modified_gmt":"2024-10-26T11:05:23","slug":"von-der-leyen-pas-osmanit-shkon-te-kurti","status":"publish","type":"post","link":"https:\/\/radiostargjilan.com\/web\/von-der-leyen-pas-osmanit-shkon-te-kurti\/","title":{"rendered":"Von der Leyen pas Osmanit, shkon te Kurti"},"content":{"rendered":"<p>Kryeministri Albin Kurti, ka pritur n\u00eb takim presidenten e Komisionit Evropian, Ursula von der Leyen.<\/p>\n<p>Takimi i Von der Leyen me Kurtin \u00ebsht\u00eb duke u zhvilluar n\u00eb objektin e Qeveris\u00eb, nd\u00ebrsa paraprakisht presidentja e KE-s\u00eb ka takuar edhe presidenten Vjosa Osmani.<\/p>\n<p>Von der Leyen \u00ebsht\u00eb duke q\u00ebndruar n\u00eb Ballkanin Per\u00ebndimor nga 23 tetori, s\u00eb pari ajo vizitoi Shqip\u00ebrin\u00eb ku u takua kryeministrin shqiptar Edi Rama, dhe mbajti nj\u00eb fjalim n\u00eb ceremonin\u00eb e inaugurimit t\u00eb kampusit t\u00eb Kolegjit t\u00eb Evrop\u00ebs n\u00eb Tiran\u00eb.<\/p>\n<p>Image<br \/>\nM\u00eb pas m\u00eb 24 tetor, ajo u takua me presidentin Bajram Begaj, pas k\u00ebsaj ajo shkoi p\u00ebr n\u00eb Maqedoni t\u00eb Veriut dhe e u takua kryeministrin Hristijan Mickoski dhe presidenten Gordana Siljanovska-Davkova.<\/p>\n<p>M\u00eb 25 tetor, ajo ishte Serbi dhe do t\u00eb zhvilloi takim me presidentin serb Aleksandar Vu\u00e7iq dhe jo kryeministrin e Serbis\u00eb, Millosh Vu\u00e7eviq, pasi ai u takua me ministrin p\u00ebr zhvillim ekonomik t\u00eb Rusis\u00eb, Maksim Reshetnikov.<\/p>\n<p>T\u00eb nj\u00ebjt\u00ebn dit\u00eb m\u00eb 26 tetor pas Kosov\u00ebs, Von der Leyen do t\u00eb jet\u00eb n\u00eb Mal t\u00eb Zi e do t\u00eb pritet nga presidenti malazez Jakov Milatoviq dhe kryeministri Milojko Spajiq.<\/p>\n","protected":false},"excerpt":{"rendered":"<p>Kryeministri Albin Kurti, ka pritur n\u00eb takim presidenten e Komisionit Evropian, Ursula von der Leyen. Takimi i Von der Leyen me Kurtin \u00ebsht\u00eb duke u zhvilluar n\u00eb objektin e Qeveris\u00eb, nd\u00ebrsa paraprakisht presidentja e KE-s\u00eb ka takuar edhe presidenten Vjosa Osmani. Von der Leyen \u00ebsht\u00eb duke q\u00ebndruar n\u00eb Ballkanin Per\u00ebndimor nga 23 tetori, s\u00eb pari [&hellip;]<\/p>\n","protected":false},"author":1,"featured_media":183733,"comment_status":"closed","ping_status":"closed","sticky":false,"template":"","format":"standard","meta":{"footnotes":""},"categories":[5],"tags":[],"class_list":{"0":"post-183732","1":"post","2":"type-post","3":"status-publish","4":"format-standard","5":"has-post-thumbnail","7":"category-lajme"},"_links":{"self":[{"href":"https:\/\/radiostargjilan.com\/web\/wp-json\/wp\/v2\/posts\/183732","targetHints":{"allow":["GET"]}}],"collection":[{"href":"https:\/\/radiostargjilan.com\/web\/wp-json\/wp\/v2\/posts"}],"about":[{"href":"https:\/\/radiostargjilan.com\/web\/wp-json\/wp\/v2\/types\/post"}],"author":[{"embeddable":true,"href":"https:\/\/radiostargjilan.com\/web\/wp-json\/wp\/v2\/users\/1"}],"replies":[{"embeddable":true,"href":"https:\/\/radiostargjilan.com\/web\/wp-json\/wp\/v2\/comments?post=183732"}],"version-history":[{"count":0,"href":"https:\/\/radiostargjilan.com\/web\/wp-json\/wp\/v2\/posts\/183732\/revisions"}],"wp:featuredmedia":[{"embeddable":true,"href":"https:\/\/radiostargjilan.com\/web\/wp-json\/wp\/v2\/media\/183733"}],"wp:attachment":[{"href":"https:\/\/radiostargjilan.com\/web\/wp-json\/wp\/v2\/media?parent=183732"}],"wp:term":[{"taxonomy":"category","embeddable":true,"href":"https:\/\/radiostargjilan.com\/web\/wp-json\/wp\/v2\/categories?post=183732"},{"taxonomy":"post_tag","embeddable":true,"href":"https:\/\/radiostargjilan.com\/web\/wp-json\/wp\/v2\/tags?post=183732"}],"curies":[{"name":"wp","href":"https:\/\/api.w.org\/{rel}","templated":true}]}}