{"id":183763,"date":"2024-10-26T17:58:50","date_gmt":"2024-10-26T15:58:50","guid":{"rendered":"https:\/\/radiostargjilan.com\/web\/?p=183763"},"modified":"2024-10-26T17:58:50","modified_gmt":"2024-10-26T15:58:50","slug":"ramadani-per-ta-mposhtur-dikush-driten-duhet-te-djersitet-shume","status":"publish","type":"post","link":"https:\/\/radiostargjilan.com\/web\/ramadani-per-ta-mposhtur-dikush-driten-duhet-te-djersitet-shume\/","title":{"rendered":"Ramadani: P\u00ebr ta mposhtur dikush DRIT\u00cbN duhet t\u00eb djersitet shum\u00eb"},"content":{"rendered":"<p>Klubi yn\u00eb, FC DRITA do t\u00eb takohet me FC Malishev\u00ebn n\u00eb ndeshjen xhiros s\u00eb 10-t\u00eb n\u00eb Superlig\u00eb.<\/p>\n<p>P\u00ebr sfid\u00ebn e radh\u00ebs, por edhe n\u00eb p\u00ebrgjith\u00ebsi p\u00ebrgatitjet foli kryetrajneri yn\u00eb, Zekirija Ramadani n\u00eb konferenc\u00ebn me gazetar\u00eb nj\u00eb dit\u00eb para ndeshjes.<\/p>\n<p>&#8220;Nes\u00ebr na pret nj\u00eb ndeshje e v\u00ebshtir\u00eb, sepse e dijm\u00eb q\u00eb FC Malisheva nuk \u00ebsht\u00eb rast\u00ebsisht n\u00eb k\u00ebt\u00eb p\u00ebzit\u00eb dhe k\u00ebto vitet e fundit ka b\u00ebr\u00eb me t\u00eb v\u00ebrtet\u00eb loj\u00ebra t\u00eb mira. FC Malisheva duhet respektuar, ka nj\u00eb ekip me lojtar\u00eb shum\u00eb cil\u00ebsor\u00eb, sidomos reparti sulmues \u00ebsht\u00eb mjaft i rreziksh\u00ebm. Por, dihet objektivi yn\u00eb, ne jemi DRITA dhe gjithmon\u00eb luftojm\u00eb p\u00ebr kreun e tabel\u00ebs, n\u00eb \u00e7do takim hyjm\u00eb p\u00ebr fitore dhe asnj\u00eb gj\u00eb tjet\u00ebr. Nes\u00ebr mendoj q\u00eb jemi p\u00ebrgatitur maksimalisht p\u00ebr t&#8217;u ballafaquar me FC Malishev\u00ebn dhe t\u00eb arrijm\u00eb objektivin ton\u00eb kryesor\u00eb, tre pik\u00ebshin&#8221;, ka th\u00ebn\u00eb n\u00eb fillim t\u00eb konferenc\u00ebs Ramadani.<\/p>\n<p>Trajneri yn\u00eb foli p\u00ebr mungesat e futbollist\u00ebve t\u00eb l\u00ebnduar dhe ndikimin e tyre n\u00eb skemat e ekipit, por q\u00eb gjithsesi ata po b\u00ebjn\u00eb dita dit\u00ebs m\u00eb mire.<\/p>\n<p>&#8220;Gjithsesi secili ka vler\u00ebn e vet. Nga fillimi i kampionatit jemi munduar q\u00eb t\u00eb b\u00ebjm\u00eb konkurrenc\u00ebn e mir\u00eb n\u00eb \u00e7do repart, por mungesat normal q\u00eb e penalizojn\u00eb \u00e7do skuad\u00ebr. Jam i bindur se ata q\u00eb jan\u00eb t\u00eb sh\u00ebndosh\u00eb dhe jan\u00eb mir\u00eb do t\u00eb japin maksimumin, sepse n\u00eb fund t\u00eb fundit secili ka ardhur k\u00ebtu p\u00ebr t\u00eb luajtur. Kemi numrin e duhur t\u00eb futbollist\u00ebve dhe n\u00eb \u00e7do repart mund t\u00eb z\u00ebvend\u00ebsohet secili&#8221;, u p\u00ebrgjigj Ramadani.<\/p>\n<p>Trajneri, Zekirija Ramadani theksoi se p\u00ebr ta mposhtur dikush FC DRIT\u00cbN duhet djersitur shum\u00eb.<\/p>\n<p>&#8220;Kemi skuad\u00ebr, kemi futbollist\u00eb dhe gjithmon\u00eb jemi t\u00eb koncentruar vet\u00ebm n\u00eb ndeshjen e radh\u00ebs. Jam i bindur se kushdo t\u00eb na mposht neve duhet t\u00eb shpenzoj\u00eb shum\u00eb djers\u00eb, shum\u00eb mund p\u00ebr t\u00eb arritur te fitorja p\u00ebrball\u00eb nesh. Ku \u00ebsht\u00eb tabela p\u00ebr momentin nuk m\u00eb intereson fare, derisa ne nuk arrijm\u00eb fitoren ose objektivin e ndeshjes.E kam th\u00ebn\u00eb q\u00eb n\u00eb fillim, kualitetin e kemi dhe n\u00ebse nuk do t\u00eb b\u00ebhet DRITA kampion nuk e di se kush \u00ebsht\u00eb fajtor p\u00ebrve\u00e7 meje. Gjith\u00e7ka \u00ebsht\u00eb n\u00eb vendin e duhur, kemi disa l\u00ebndime t\u00eb pa parashikuara, por kemi ekipln e kompletuar, kemi mb\u00ebshtetjen maksimale nga drejtuesit tan\u00eb q\u00eb \u00ebsht\u00eb shum\u00eb e r\u00ebnd\u00ebsishme, kemi atmosfer\u00eb t\u00eb jasht\u00ebzakonshme brenda grupit dhe kjo \u00ebsht\u00eb arma kryesore e jona&#8221;, drklaroi Ramadani.<\/p>\n<p>Kryetrajneri, Zekirija Ramadani tregon se kalendari i ngjeshur i ndeshjeve normal q\u00eb shkakton ngarkesa n\u00eb \u00e7do ekip, por q\u00eb ndonj\u00ebher\u00eb duhet par\u00eb edhe aspektin pozitiv.<\/p>\n<p>&#8220;Ngarkesa \u00ebsht\u00eb p\u00ebr secil\u00ebn skuad\u00ebr, por ndonj\u00ebher\u00eb \u00ebsht\u00eb mir\u00eb kur futet ekipi n\u00eb rit\u00ebm mos tket\u00eb pauz\u00eb mos t\u00eb ket\u00eb pushim. Shpresoj q\u00eb ekipi jon\u00eb t\u00eb jet\u00eb n\u00eb ritmin e duhur dhe n\u00eb form\u00ebn e duhur, sepse un\u00eb mendoj q\u00eb kjo periudh\u00eb duhet t\u00eb jet\u00eb periudha kulminante p\u00ebr secilin futbollis tonin&#8221;, p\u00ebrfundoi Ramadani.<\/p>\n<p>Ramadani njoftoi se klubi yn\u00eb, FC DRITA p\u00ebr dy jav\u00eb do t\u00eb zhvilloj\u00eb 5 ndeshje nga 1 m\u00eb tep\u00ebr n\u00eb mesjav\u00eb.<\/p>\n<p>Ndeshja FC Malisheva &#8211; FC DRITA zhvillohet nes\u00ebr, e diel\u00eb n\u00eb ora 13:00, n\u00eb Stadiumin &#8220;Liman Gegaj&#8221;, Malishev\u00eb.<\/p>\n<p>FC DRITA<\/p>\n","protected":false},"excerpt":{"rendered":"<p>Klubi yn\u00eb, FC DRITA do t\u00eb takohet me FC Malishev\u00ebn n\u00eb ndeshjen xhiros s\u00eb 10-t\u00eb n\u00eb Superlig\u00eb. P\u00ebr sfid\u00ebn e radh\u00ebs, por edhe n\u00eb p\u00ebrgjith\u00ebsi p\u00ebrgatitjet foli kryetrajneri yn\u00eb, Zekirija Ramadani n\u00eb konferenc\u00ebn me gazetar\u00eb nj\u00eb dit\u00eb para ndeshjes. &#8220;Nes\u00ebr na pret nj\u00eb ndeshje e v\u00ebshtir\u00eb, sepse e dijm\u00eb q\u00eb FC Malisheva nuk \u00ebsht\u00eb rast\u00ebsisht [&hellip;]<\/p>\n","protected":false},"author":1,"featured_media":183764,"comment_status":"closed","ping_status":"closed","sticky":false,"template":"","format":"standard","meta":{"footnotes":""},"categories":[7],"tags":[],"class_list":{"0":"post-183763","1":"post","2":"type-post","3":"status-publish","4":"format-standard","5":"has-post-thumbnail","7":"category-sports"},"_links":{"self":[{"href":"https:\/\/radiostargjilan.com\/web\/wp-json\/wp\/v2\/posts\/183763","targetHints":{"allow":["GET"]}}],"collection":[{"href":"https:\/\/radiostargjilan.com\/web\/wp-json\/wp\/v2\/posts"}],"about":[{"href":"https:\/\/radiostargjilan.com\/web\/wp-json\/wp\/v2\/types\/post"}],"author":[{"embeddable":true,"href":"https:\/\/radiostargjilan.com\/web\/wp-json\/wp\/v2\/users\/1"}],"replies":[{"embeddable":true,"href":"https:\/\/radiostargjilan.com\/web\/wp-json\/wp\/v2\/comments?post=183763"}],"version-history":[{"count":0,"href":"https:\/\/radiostargjilan.com\/web\/wp-json\/wp\/v2\/posts\/183763\/revisions"}],"wp:featuredmedia":[{"embeddable":true,"href":"https:\/\/radiostargjilan.com\/web\/wp-json\/wp\/v2\/media\/183764"}],"wp:attachment":[{"href":"https:\/\/radiostargjilan.com\/web\/wp-json\/wp\/v2\/media?parent=183763"}],"wp:term":[{"taxonomy":"category","embeddable":true,"href":"https:\/\/radiostargjilan.com\/web\/wp-json\/wp\/v2\/categories?post=183763"},{"taxonomy":"post_tag","embeddable":true,"href":"https:\/\/radiostargjilan.com\/web\/wp-json\/wp\/v2\/tags?post=183763"}],"curies":[{"name":"wp","href":"https:\/\/api.w.org\/{rel}","templated":true}]}}