{"id":183900,"date":"2024-10-28T11:04:51","date_gmt":"2024-10-28T10:04:51","guid":{"rendered":"https:\/\/radiostargjilan.com\/web\/?p=183900"},"modified":"2024-10-28T11:04:51","modified_gmt":"2024-10-28T10:04:51","slug":"robert-rrahmani-i-sc-gjilanit-merr-epitetin-ylli-i-javes","status":"publish","type":"post","link":"https:\/\/radiostargjilan.com\/web\/robert-rrahmani-i-sc-gjilanit-merr-epitetin-ylli-i-javes\/","title":{"rendered":"Robert Rrahmani i SC Gjilanit, merr epitetin \u201cYlli i Jav\u00ebs\u201d"},"content":{"rendered":"<p>Paraqitja n\u00eb ndeshjen e xhiros s\u00eb 10-t\u00eb n\u00eb Albi Mall Superlig\u00eb \u00ebsht\u00eb vler\u00ebsuar me \u00e7mimin \u201cYlli Jav\u00ebs\u201d p\u00ebr futbollistin Robert Rrahmani, i cili krahas golit krucial q\u00eb i solli fitoren ekipit, kontriboi gjithashtu me volumitetin t\u00eb cilin e dha n\u00eb loj\u00eb.<\/p>\n<p>Fantazisti skuadr\u00ebs pranoi \u00e7mimin n\u00eb ambientet e Federat\u00ebs s\u00eb Futbollit t\u00eb Kosov\u00ebs, pas vler\u00ebsimit nga Komisioni i Veteran\u00ebve t\u00eb Futbollit n\u00eb p\u00ebrb\u00ebrje: Enes Shosholli, Bujar Guta dhe Avni Shala.<\/p>\n<p>Pasi pranoi \u00e7mimin Robi u shpreh i lumtur q\u00eb p\u00ebr her\u00eb t\u00eb par\u00eb k\u00ebt\u00eb edicion u vler\u00ebsua si m\u00eb i miri i jav\u00ebs. <\/p>\n<p>&#8220;Trajneri na ka motivuar shum\u00eb. Renditja tabelare nuk \u00ebsht\u00eb realiteti i ekipit tone. Organizimi i klubit dhe seancat st\u00ebrvitore jan\u00eb n\u00eb perfekcion dhe presim q\u00eb ta gjejm\u00eb loj\u00ebn ton\u00eb&#8221;, theksoi nd\u00ebr t\u00eb tjerash Rrahmani.<\/p>\n<p>P\u00ebrg\u00ebzime Robi \ud83e\udd73<\/p>\n","protected":false},"excerpt":{"rendered":"<p>Paraqitja n\u00eb ndeshjen e xhiros s\u00eb 10-t\u00eb n\u00eb Albi Mall Superlig\u00eb \u00ebsht\u00eb vler\u00ebsuar me \u00e7mimin \u201cYlli Jav\u00ebs\u201d p\u00ebr futbollistin Robert Rrahmani, i cili krahas golit krucial q\u00eb i solli fitoren ekipit, kontriboi gjithashtu me volumitetin t\u00eb cilin e dha n\u00eb loj\u00eb. Fantazisti skuadr\u00ebs pranoi \u00e7mimin n\u00eb ambientet e Federat\u00ebs s\u00eb Futbollit t\u00eb Kosov\u00ebs, pas vler\u00ebsimit [&hellip;]<\/p>\n","protected":false},"author":1,"featured_media":183901,"comment_status":"closed","ping_status":"closed","sticky":false,"template":"","format":"standard","meta":{"footnotes":""},"categories":[7],"tags":[],"class_list":{"0":"post-183900","1":"post","2":"type-post","3":"status-publish","4":"format-standard","5":"has-post-thumbnail","7":"category-sports"},"_links":{"self":[{"href":"https:\/\/radiostargjilan.com\/web\/wp-json\/wp\/v2\/posts\/183900","targetHints":{"allow":["GET"]}}],"collection":[{"href":"https:\/\/radiostargjilan.com\/web\/wp-json\/wp\/v2\/posts"}],"about":[{"href":"https:\/\/radiostargjilan.com\/web\/wp-json\/wp\/v2\/types\/post"}],"author":[{"embeddable":true,"href":"https:\/\/radiostargjilan.com\/web\/wp-json\/wp\/v2\/users\/1"}],"replies":[{"embeddable":true,"href":"https:\/\/radiostargjilan.com\/web\/wp-json\/wp\/v2\/comments?post=183900"}],"version-history":[{"count":0,"href":"https:\/\/radiostargjilan.com\/web\/wp-json\/wp\/v2\/posts\/183900\/revisions"}],"wp:featuredmedia":[{"embeddable":true,"href":"https:\/\/radiostargjilan.com\/web\/wp-json\/wp\/v2\/media\/183901"}],"wp:attachment":[{"href":"https:\/\/radiostargjilan.com\/web\/wp-json\/wp\/v2\/media?parent=183900"}],"wp:term":[{"taxonomy":"category","embeddable":true,"href":"https:\/\/radiostargjilan.com\/web\/wp-json\/wp\/v2\/categories?post=183900"},{"taxonomy":"post_tag","embeddable":true,"href":"https:\/\/radiostargjilan.com\/web\/wp-json\/wp\/v2\/tags?post=183900"}],"curies":[{"name":"wp","href":"https:\/\/api.w.org\/{rel}","templated":true}]}}