{"id":183962,"date":"2024-10-29T08:56:18","date_gmt":"2024-10-29T07:56:18","guid":{"rendered":"https:\/\/radiostargjilan.com\/web\/?p=183962"},"modified":"2024-10-29T08:56:18","modified_gmt":"2024-10-29T07:56:18","slug":"kurti-asociacioni-pa-njohje-nga-serbia-do-ta-minonte-kushtetuten","status":"publish","type":"post","link":"https:\/\/radiostargjilan.com\/web\/kurti-asociacioni-pa-njohje-nga-serbia-do-ta-minonte-kushtetuten\/","title":{"rendered":"Kurti: Asociacioni pa njohje nga Serbia do ta minonte Kushtetut\u00ebn"},"content":{"rendered":"<p>Kryeministri i Kosov\u00ebs, Albin Kurti ka th\u00ebn\u00eb se krijimi i nj\u00eb Asociacioni q\u00eb po e k\u00ebrkon Serbia pa e njohur fillimisht Kosov\u00ebn do ta minonte Kushtetut\u00ebn, pasi do t\u00eb k\u00ebrkonte fuqi ekzekutive nga Qeveria dhe komunat.<\/p>\n<p>Sipas tij e nj\u00ebjta vlen edhe p\u00ebr garancit\u00eb specifike p\u00ebr kishat dhe manastiret ortodokse.<\/p>\n<p>\u201cNe gjithashtu angazhohemi q\u00eb t\u00eb d\u00ebgjojm\u00eb k\u00ebrkesat e t\u00eb gjitha komuniteteve pakic\u00eb n\u00eb vendin ton\u00eb dhe t\u00eb peshojm\u00eb k\u00ebrkesat politike bazuar n\u00eb ndikimin e tyre te njer\u00ebzit e zakonsh\u00ebm dhe n\u00eb fund t\u00eb fundit n\u00eb baz\u00ebn ligjore q\u00eb i mbron ata. Nj\u00eb k\u00ebrkes\u00eb e till\u00eb \u00ebsht\u00eb p\u00ebr Asociacionin e Komunave me shumic\u00eb serbe. Asociacioni q\u00eb po e k\u00ebrkon Serbia, pa e njohur fillimisht Kosov\u00ebn, do t\u00eb k\u00ebrkonte t\u00eb merreshin fuqi ekzekutive, qoft\u00eb nga Qeveria, qoft\u00eb nga komunat, gj\u00eb q\u00eb do ta minonte Kushtetut\u00ebn ton\u00eb. E nj\u00ebjta gj\u00eb vlen edhe p\u00ebr garancit\u00eb specifike p\u00ebr kishat dhe manastiret ortodokse t\u00eb cilat g\u00ebzojn\u00eb zona t\u00eb ve\u00e7ant\u00eb mbrojt\u00ebse nga dhjet\u00ebra deri n\u00eb mij\u00ebra hektar\u00eb. K\u00ebsaj k\u00ebrkes\u00eb do t\u2019i duhej qeverisje nga nj\u00eb shtres\u00eb q\u00eb nuk \u00ebsht\u00eb e rregulluar ligj\u00ebrisht p\u00ebr t\u00eb ofruar gam\u00ebn e gjer\u00eb t\u00eb mbrojtjeve t\u00eb cilat rendi i tanish\u00ebm ve\u00e7se i ofron. Ky \u00ebsht\u00eb nj\u00eb rast kur k\u00ebrkesa p\u00ebr m\u00eb shum\u00eb \u00ebsht\u00eb n\u00eb fakt nj\u00eb ofert\u00eb m\u00eb pak\u201d, ka deklaruar Kurti, ka th\u00ebn\u00eb Kurti n\u00eb nj\u00eb adresimi t\u00eb tij ndaj komunitetit t\u00eb Harvardit, organizuar nga Shoqata e Student\u00ebve Shqiptar\u00eb t\u00eb Harvardit.<\/p>\n<div class=\"twitter-tweet twitter-tweet-rendered\"><iframe id=\"twitter-widget-0\" class=\"\" title=\"X Post\" src=\"https:\/\/platform.twitter.com\/embed\/Tweet.html?creatorScreenName=teve1-admin&amp;dnt=false&amp;embedId=twitter-widget-0&amp;features=eyJ0ZndfdGltZWxpbmVfbGlzdCI6eyJidWNrZXQiOltdLCJ2ZXJzaW9uIjpudWxsfSwidGZ3X2ZvbGxvd2VyX2NvdW50X3N1bnNldCI6eyJidWNrZXQiOnRydWUsInZlcnNpb24iOm51bGx9LCJ0ZndfdHdlZXRfZWRpdF9iYWNrZW5kIjp7ImJ1Y2tldCI6Im9uIiwidmVyc2lvbiI6bnVsbH0sInRmd19yZWZzcmNfc2Vzc2lvbiI6eyJidWNrZXQiOiJvbiIsInZlcnNpb24iOm51bGx9LCJ0ZndfZm9zbnJfc29mdF9pbnRlcnZlbnRpb25zX2VuYWJsZWQiOnsiYnVja2V0Ijoib24iLCJ2ZXJzaW9uIjpudWxsfSwidGZ3X21peGVkX21lZGlhXzE1ODk3Ijp7ImJ1Y2tldCI6InRyZWF0bWVudCIsInZlcnNpb24iOm51bGx9LCJ0ZndfZXhwZXJpbWVudHNfY29va2llX2V4cGlyYXRpb24iOnsiYnVja2V0IjoxMjA5NjAwLCJ2ZXJzaW9uIjpudWxsfSwidGZ3X3Nob3dfYmlyZHdhdGNoX3Bpdm90c19lbmFibGVkIjp7ImJ1Y2tldCI6Im9uIiwidmVyc2lvbiI6bnVsbH0sInRmd19kdXBsaWNhdGVfc2NyaWJlc190b19zZXR0aW5ncyI6eyJidWNrZXQiOiJvbiIsInZlcnNpb24iOm51bGx9LCJ0ZndfdXNlX3Byb2ZpbGVfaW1hZ2Vfc2hhcGVfZW5hYmxlZCI6eyJidWNrZXQiOiJvbiIsInZlcnNpb24iOm51bGx9LCJ0ZndfdmlkZW9faGxzX2R5bmFtaWNfbWFuaWZlc3RzXzE1MDgyIjp7ImJ1Y2tldCI6InRydWVfYml0cmF0ZSIsInZlcnNpb24iOm51bGx9LCJ0ZndfbGVnYWN5X3RpbWVsaW5lX3N1bnNldCI6eyJidWNrZXQiOnRydWUsInZlcnNpb24iOm51bGx9LCJ0ZndfdHdlZXRfZWRpdF9mcm9udGVuZCI6eyJidWNrZXQiOiJvbiIsInZlcnNpb24iOm51bGx9fQ%3D%3D&amp;frame=false&amp;hideCard=false&amp;hideThread=false&amp;id=1850935985225490932&amp;lang=en&amp;origin=https%3A%2F%2Fteve1.info%2Fkurti-asociacioni-pa-njohje-nga-serbia-do-ta-minonte-kushtetuten%2F&amp;sessionId=e8d621c5ef09f8a25d847eaa83975f0e29409499&amp;siteScreenName=teve1-admin&amp;theme=light&amp;widgetsVersion=2615f7e52b7e0%3A1702314776716&amp;width=550px\" frameborder=\"0\" scrolling=\"no\" allowfullscreen=\"allowfullscreen\" data-tweet-id=\"1850935985225490932\" data-mce-fragment=\"1\"><\/iframe><\/div>\n<p>&nbsp;<\/p>\n","protected":false},"excerpt":{"rendered":"<p>Kryeministri i Kosov\u00ebs, Albin Kurti ka th\u00ebn\u00eb se krijimi i nj\u00eb Asociacioni q\u00eb po e k\u00ebrkon Serbia pa e njohur fillimisht Kosov\u00ebn do ta minonte Kushtetut\u00ebn, pasi do t\u00eb k\u00ebrkonte fuqi ekzekutive nga Qeveria dhe komunat. Sipas tij e nj\u00ebjta vlen edhe p\u00ebr garancit\u00eb specifike p\u00ebr kishat dhe manastiret ortodokse. \u201cNe gjithashtu angazhohemi q\u00eb t\u00eb [&hellip;]<\/p>\n","protected":false},"author":1,"featured_media":183324,"comment_status":"closed","ping_status":"closed","sticky":false,"template":"","format":"standard","meta":{"footnotes":""},"categories":[5],"tags":[],"class_list":{"0":"post-183962","1":"post","2":"type-post","3":"status-publish","4":"format-standard","5":"has-post-thumbnail","7":"category-lajme"},"_links":{"self":[{"href":"https:\/\/radiostargjilan.com\/web\/wp-json\/wp\/v2\/posts\/183962","targetHints":{"allow":["GET"]}}],"collection":[{"href":"https:\/\/radiostargjilan.com\/web\/wp-json\/wp\/v2\/posts"}],"about":[{"href":"https:\/\/radiostargjilan.com\/web\/wp-json\/wp\/v2\/types\/post"}],"author":[{"embeddable":true,"href":"https:\/\/radiostargjilan.com\/web\/wp-json\/wp\/v2\/users\/1"}],"replies":[{"embeddable":true,"href":"https:\/\/radiostargjilan.com\/web\/wp-json\/wp\/v2\/comments?post=183962"}],"version-history":[{"count":0,"href":"https:\/\/radiostargjilan.com\/web\/wp-json\/wp\/v2\/posts\/183962\/revisions"}],"wp:featuredmedia":[{"embeddable":true,"href":"https:\/\/radiostargjilan.com\/web\/wp-json\/wp\/v2\/media\/183324"}],"wp:attachment":[{"href":"https:\/\/radiostargjilan.com\/web\/wp-json\/wp\/v2\/media?parent=183962"}],"wp:term":[{"taxonomy":"category","embeddable":true,"href":"https:\/\/radiostargjilan.com\/web\/wp-json\/wp\/v2\/categories?post=183962"},{"taxonomy":"post_tag","embeddable":true,"href":"https:\/\/radiostargjilan.com\/web\/wp-json\/wp\/v2\/tags?post=183962"}],"curies":[{"name":"wp","href":"https:\/\/api.w.org\/{rel}","templated":true}]}}