{"id":184132,"date":"2024-10-31T10:27:11","date_gmt":"2024-10-31T09:27:11","guid":{"rendered":"https:\/\/radiostargjilan.com\/web\/?p=184132"},"modified":"2024-10-31T10:27:11","modified_gmt":"2024-10-31T09:27:11","slug":"jasharaj-rritja-e-pagave-eshte-e-ulet-dhe-teper-nencmuese","status":"publish","type":"post","link":"https:\/\/radiostargjilan.com\/web\/jasharaj-rritja-e-pagave-eshte-e-ulet-dhe-teper-nencmuese\/","title":{"rendered":"Jasharaj: Rritja e pagave \u00ebsht\u00eb e ul\u00ebt dhe tep\u00ebr n\u00ebn\u00e7muese"},"content":{"rendered":"<p>Kryetari i Sindikat\u00ebs s\u00eb Bashkuar t\u00eb Arsimit dhe Shkenc\u00ebs, Rrahman Jasharaj, ka komentuar rritjen e pagave t\u00eb pun\u00ebtor\u00ebve t\u00eb sektorit publik. Ai kritikoi Qeverin\u00eb duke th\u00ebn\u00eb se kjo ngritje \u00ebsht\u00eb e ul\u00ebt dhe n\u00ebn\u00e7muese.<\/p>\n<p>N\u00eb nj\u00eb intervist\u00eb Jasharaj ka th\u00ebn\u00eb se pagat e m\u00ebsimdh\u00ebn\u00ebsve duhet t\u00eb ken\u00eb rritje 30 p\u00ebr qind n\u00eb kuad\u00ebr t\u00eb koeficientit 1. Tutje, ai shtoi se ende po vazhdohet praktika q\u00eb t\u00eb mos ket\u00eb komunikim nd\u00ebrmjet sindikatave dhe nivelit qendror.<\/p>\n<p>\u201cNga komunikimi i par\u00eb q\u00eb kemi b\u00ebr\u00eb me kryetar\u00ebt e nivelit komunale dhe universiteteve shihet dhe \u00ebsht\u00eb e arsyeshme. Jemi t\u00eb zhg\u00ebnjyer me deklarat\u00ebn para mediave dhe kryeministrit Kurti dhe ministrit Murati, ne kemi b\u00ebr\u00eb k\u00ebrkes\u00eb tash e dy muaj drejtuar kryeministrit q\u00eb t\u00eb ket\u00eb nj\u00eb l\u00ebvizje t\u00eb vler\u00ebs s\u00eb koeficientit p\u00ebr s\u00eb paku 30 % duke e argumentuar me ngritjen e vazhdueshme t\u00eb \u00e7mimeve dhe duke b\u00ebr\u00eb p\u00ebrpjeke q\u00eb pun\u00ebtor\u00ebt e arsimit por edhe sektor\u00ebt e tjer\u00eb ta ken\u00eb nj\u00eb mb\u00ebshtetje q\u00eb t\u00eb p\u00ebrballen m\u00eb leht\u00eb me \u00e7mimet q\u00eb po ngrite. Ishte i befasish\u00ebm deklarimi i djesh\u00ebm ngase Kurti e Murati po vazhdojn\u00eb me at\u00eb praktik\u00ebn q\u00eb t\u00eb mos komunikojn\u00eb fare me sindikatat por t\u00eb sjellin vendime ashtu si\u00e7 ju teket\u201d, ka th\u00ebn\u00eb Jasharaj.<\/p>\n<p>Kryesindikalisiti i arsimit ka theksuar se ky vendim n\u00eb k\u00ebt\u00eb koh\u00eb, mund t\u00eb lexohet si deklarim p\u00ebr fushat\u00eb elektorale. Sipas tij, Qeveria ka qasje t\u00eb gabuar, dhe nuk ka disponim p\u00ebr t\u00eb bashk\u00ebpunuar me sindikatat.<\/p>\n<p>\u201cKemi nj\u00eb premtim se n\u00eb janar do t\u00eb ket\u00eb l\u00ebvizje brenda koeficienteve q\u00eb dyshojm\u00eb q\u00eb nuk \u00ebsht\u00eb e mundur ngase q\u00eb ligji p\u00ebr pagat e ka prodhuar Parlamenti dhe vet\u00ebm ai ka t\u00eb drejt\u00eb t\u00eb nd\u00ebrhyj\u00eb n\u00eb ligje, nd\u00ebrsa Murati ka mundur t\u00eb b\u00ebj\u00eb m\u00eb leht\u00eb l\u00ebvizjen e ta ngrit koeficientit por ta ngrit tani e jo n\u00eb janar, sepse janari ka disa muaj dhe nuk dihet se \u00e7far\u00eb do t\u00eb ndodh, nga disa mund t\u00eb lexohet si nj\u00eb deklarim pran\u00eb fushat\u00ebs sidoqoft\u00eb, pun\u00ebtor\u00ebt e arsimi dhe jo vet\u00ebm jan\u00eb tep\u00ebr t\u00eb pa k\u00ebnaqur ngase me k\u00ebt\u00eb l\u00ebvizje n\u00ebse e kthejm\u00eb n\u00eb euro i bie diku 50 euro, ngritje q\u00eb \u00ebsht\u00eb tep\u00ebr e ul\u00ebt dhe \u00ebsht\u00eb n\u00ebn\u00e7muese dhe kam frik\u00eb q\u00eb kjo do t\u00eb reflektoj\u00eb tek an\u00ebtar\u00ebsia jon\u00eb\u201d, theksoi ai.<\/p>\n<p>\u201cNe e kemi shp\u00ebrndar\u00eb nj\u00eb formular\u00eb n\u00eb t\u00eb gjitha institucionet arsimore dhe po presin se \u00e7far\u00eb po na thon\u00eb an\u00ebtar\u00ebsia. Sepse ata e din\u00eb q\u00eb ne jemi angazhuar shum\u00eb por kemi hasur n\u00eb problem me qasjen e gabuar t\u00eb Qeveris\u00eb, sidomos \u00ebsht\u00eb tek ngritja e koeficientit por edhe tek kontrata kolektive, ku si\u00e7 duhet zonja Nagavci nuk ka disponim q\u00eb t\u00eb ulet me ne e t\u00eb bisedojm\u00eb as p\u00ebr \u00e7\u00ebshtjet tjera e as p\u00ebr kontrat\u00ebn q\u00eb \u00ebsht\u00eb tejet e r\u00ebnd\u00ebsishme p\u00ebr sektorin e arsimit por kontrata jan\u00eb t\u00eb r\u00ebnd\u00ebsishme edhe p\u00ebr kontratat tjera\u201d, deklaroi ai.<\/p>\n<p>\u201cN\u00ebse vazhdohet k\u00ebshtu ne do ta analizojm\u00eb vullnetin e an\u00ebtar\u00ebsis\u00eb, dhe pastaj do t\u00eb shohim \u00e7far\u00eb do t\u00eb b\u00ebjm\u00eb tutje, kam frik\u00eb se an\u00ebtar\u00ebsia e zhg\u00ebnjyer edhe m\u00eb k\u00ebt\u00eb vendim, do t\u00eb jet\u00eb edhe m\u00eb kategorike q\u00eb ne t\u00eb fillojm\u00eb me veprime sindikale dhe do t\u00eb angazhohemi sa ma pak t\u00eb bllokohet procesi m\u00ebsimor, ngase nx\u00ebn\u00ebsit nuk jan\u00eb fajtor pse \u00ebsht\u00eb kjo situat\u00eb e till\u00eb\u201d, shtoi ai.<\/p>\n<p>Tutje, ai ka ritheksuar se kjo rritje, nuk \u00ebsht\u00eb e mjaftueshme, madje krahasoi pag\u00ebn e pun\u00ebtor\u00ebve t\u00eb arsimit n\u00eb Shqip\u00ebri me at\u00eb t\u00eb Kosov\u00ebs.<\/p>\n<p>Sipas Jasharaj, nj\u00eb m\u00ebsimdh\u00ebn\u00ebs se Shqip\u00ebri ka pag\u00ebn mbi 900 euro, nd\u00ebrsa l\u00ebvizja e pag\u00ebs p\u00ebr 55 euro n\u00eb Kosov\u00eb, shkakton irritim p\u00ebr pun\u00ebtor\u00ebt, raporton EO.<\/p>\n<p>\u201cNuk \u00ebsht\u00eb e mjaftueshme sepse \u00ebsht\u00eb nj\u00eb l\u00ebvizje q\u00eb nuk ndikon shum\u00eb, nuk i ndihmon as pun\u00ebtor\u00ebve t\u00eb arsimit, as policis\u00eb e t\u00eb tjer\u00ebve, p\u00ebrballje me inflacionin p\u00ebrballje me ngritjen e vazhdueshme t\u00eb \u00e7mimeve, e aq m\u00eb tep\u00ebr kur edhe m\u00ebsimdh\u00ebn\u00ebsit e tjer\u00eb kan\u00eb komunikim me shqiptar\u00ebt e Shqip\u00ebris\u00eb, dihet publikisht se Qeveria e Shqip\u00ebris\u00eb, b\u00ebri nj\u00eb l\u00ebvizje t\u00eb dukshme t\u00eb pagave, paga n\u00eb Shqip\u00ebri tek arsimi kan\u00eb shkuar n\u00eb 900 e m\u00eb shum\u00eb euro, kjo l\u00ebvizje me 50 euro m\u00eb tep\u00ebr i irriton sesa q\u00eb do t\u2019i g\u00ebzojn\u00eb pun\u00ebtor\u00ebt e arsimit e t\u00eb tjer\u00ebt\u201d, p\u00ebrfundoi ai.<\/p>\n<p>Qeveria e Kosov\u00ebs t\u00eb m\u00ebrkur\u00ebn ka njoftuar se pagat p\u00ebr pun\u00ebtor\u00ebt e sektorin publik do t\u00eb rriten nga janari i vitit 2025.<\/p>\n<p>\u201cT\u00eb gjith\u00eb t\u00eb pun\u00ebsuarve n\u00eb sektorin publik, pagat do t\u2019u rriten p\u00ebr 55 euro nga janari, dhe p\u00ebr 55 euro tjera nga muaji korrik i vitit t\u00eb ardhsh\u00ebm\u201d- u shpreh ai, duke b\u00ebr\u00eb t\u00eb ditur se rritja e p\u00ebrgjithshme e pagave brenda vitit 2025 do t\u00eb jet\u00eb gjithsej 110 euro bruto\u201d, ka njoftuar Kurti n\u00eb konferenc\u00eb.<\/p>\n","protected":false},"excerpt":{"rendered":"<p>Kryetari i Sindikat\u00ebs s\u00eb Bashkuar t\u00eb Arsimit dhe Shkenc\u00ebs, Rrahman Jasharaj, ka komentuar rritjen e pagave t\u00eb pun\u00ebtor\u00ebve t\u00eb sektorit publik. Ai kritikoi Qeverin\u00eb duke th\u00ebn\u00eb se kjo ngritje \u00ebsht\u00eb e ul\u00ebt dhe n\u00ebn\u00e7muese. N\u00eb nj\u00eb intervist\u00eb Jasharaj ka th\u00ebn\u00eb se pagat e m\u00ebsimdh\u00ebn\u00ebsve duhet t\u00eb ken\u00eb rritje 30 p\u00ebr qind n\u00eb kuad\u00ebr t\u00eb koeficientit [&hellip;]<\/p>\n","protected":false},"author":1,"featured_media":183995,"comment_status":"closed","ping_status":"closed","sticky":false,"template":"","format":"standard","meta":{"footnotes":""},"categories":[5],"tags":[],"class_list":{"0":"post-184132","1":"post","2":"type-post","3":"status-publish","4":"format-standard","5":"has-post-thumbnail","7":"category-lajme"},"_links":{"self":[{"href":"https:\/\/radiostargjilan.com\/web\/wp-json\/wp\/v2\/posts\/184132","targetHints":{"allow":["GET"]}}],"collection":[{"href":"https:\/\/radiostargjilan.com\/web\/wp-json\/wp\/v2\/posts"}],"about":[{"href":"https:\/\/radiostargjilan.com\/web\/wp-json\/wp\/v2\/types\/post"}],"author":[{"embeddable":true,"href":"https:\/\/radiostargjilan.com\/web\/wp-json\/wp\/v2\/users\/1"}],"replies":[{"embeddable":true,"href":"https:\/\/radiostargjilan.com\/web\/wp-json\/wp\/v2\/comments?post=184132"}],"version-history":[{"count":0,"href":"https:\/\/radiostargjilan.com\/web\/wp-json\/wp\/v2\/posts\/184132\/revisions"}],"wp:featuredmedia":[{"embeddable":true,"href":"https:\/\/radiostargjilan.com\/web\/wp-json\/wp\/v2\/media\/183995"}],"wp:attachment":[{"href":"https:\/\/radiostargjilan.com\/web\/wp-json\/wp\/v2\/media?parent=184132"}],"wp:term":[{"taxonomy":"category","embeddable":true,"href":"https:\/\/radiostargjilan.com\/web\/wp-json\/wp\/v2\/categories?post=184132"},{"taxonomy":"post_tag","embeddable":true,"href":"https:\/\/radiostargjilan.com\/web\/wp-json\/wp\/v2\/tags?post=184132"}],"curies":[{"name":"wp","href":"https:\/\/api.w.org\/{rel}","templated":true}]}}