{"id":184208,"date":"2024-10-31T19:59:02","date_gmt":"2024-10-31T18:59:02","guid":{"rendered":"https:\/\/radiostargjilan.com\/web\/?p=184208"},"modified":"2024-10-31T19:59:02","modified_gmt":"2024-10-31T18:59:02","slug":"pacolli-pergjimi-i-kajtazit-kercenim-i-rende-per-lirine-e-mediave","status":"publish","type":"post","link":"https:\/\/radiostargjilan.com\/web\/pacolli-pergjimi-i-kajtazit-kercenim-i-rende-per-lirine-e-mediave\/","title":{"rendered":"Pacolli: P\u00ebrgjimi i Kajtazit k\u00ebrc\u00ebnim i r\u00ebnd\u00eb p\u00ebr lirin\u00eb e mediave"},"content":{"rendered":"<p>Deputeti Behgjet Pacolli ka b\u00ebr\u00eb thirrje p\u00ebr hetim t\u00eb pavarur pas zbulimit t\u00eb pajisjes gjurmuese n\u00eb vetur\u00ebn e gazetarit Vehbi Kajtazi.<\/p>\n<p>Pacolli ka th\u00ebn\u00eb se zbulimi i nj\u00eb pajisjeje p\u00ebrgjimi n\u00eb vetur\u00ebn e gazetarit Vehbi Kajtazi \u00ebsht\u00eb nj\u00eb k\u00ebrc\u00ebnim i r\u00ebnd\u00eb p\u00ebr lirin\u00eb e medias dhe n\u00ebnvizon rreziqet me t\u00eb cilat p\u00ebrballen gazetar\u00ebt kur ekspozojn\u00eb korrupsionin dhe krimin politik sot n\u00eb Kosov\u00eb.<\/p>\n<p>\u201cKy p\u00ebrshkall\u00ebzim, synon t\u00eb frik\u00ebsoj\u00eb median dhe t\u00eb shtyp\u00eb transparenc\u00ebn. Veprime t\u00eb tilla g\u00ebrryejn\u00eb demokracin\u00eb\u201d, ka shkruar Pacolli.<\/p>\n<p>Raporti i fundit i progresit i BE-s\u00eb paralajm\u00ebron p\u00ebr tendencen p\u00ebr kontroll nga ana e qeveris\u00eb s\u00eb Kosov\u00ebs mbi median, duke rrezikuar lirin\u00eb e shtypit\u2014nj\u00eb gur themeli i demokracis\u00eb.<\/p>\n<p>\u201cBej thirrje p\u00ebr nj\u00eb hetim t\u00eb pavarur dhe t\u00eb thelluar mbi k\u00ebt\u00eb p\u00ebrshkall\u00ebzim alarmues t\u00eb frik\u00ebsimit t\u00eb gazetar\u00ebve dhe nevoj\u00ebn urgjente p\u00ebr mbrojtjen e tyre personale dhe profesionale\u201d, ka shkruar Pacolli.<\/p>\n<p>\u201cShprehi solidaritetin tim ndaj Gazetarit Vehbi Kajtazi dhe gazetar\u00ebt n\u00eb Kosov\u00eb, duke i b\u00ebr\u00eb thirrje qeveris\u00eb t\u00eb siguroj\u00eb mbrojtjen dhe t\u00eb drejt\u00ebn e tyre p\u00ebr t\u00eb raportuar pa k\u00ebrcenime dhe t\u00eb lir\u00eb dhe t\u00eb mos hesht ndaj incidenteve q\u00eb po ndodhin ndaj mediave\u201d, ka shkruar ai.<\/p>\n<p>\u201cNj\u00eb media e lir\u00eb \u00ebsht\u00eb thelb\u00ebsore p\u00ebr t\u00eb ardhmen demokratike t\u00eb Kosov\u00ebs\u201d.<\/p>\n","protected":false},"excerpt":{"rendered":"<p>Deputeti Behgjet Pacolli ka b\u00ebr\u00eb thirrje p\u00ebr hetim t\u00eb pavarur pas zbulimit t\u00eb pajisjes gjurmuese n\u00eb vetur\u00ebn e gazetarit Vehbi Kajtazi. Pacolli ka th\u00ebn\u00eb se zbulimi i nj\u00eb pajisjeje p\u00ebrgjimi n\u00eb vetur\u00ebn e gazetarit Vehbi Kajtazi \u00ebsht\u00eb nj\u00eb k\u00ebrc\u00ebnim i r\u00ebnd\u00eb p\u00ebr lirin\u00eb e medias dhe n\u00ebnvizon rreziqet me t\u00eb cilat p\u00ebrballen gazetar\u00ebt kur ekspozojn\u00eb [&hellip;]<\/p>\n","protected":false},"author":1,"featured_media":183070,"comment_status":"closed","ping_status":"closed","sticky":false,"template":"","format":"standard","meta":{"footnotes":""},"categories":[5],"tags":[],"class_list":{"0":"post-184208","1":"post","2":"type-post","3":"status-publish","4":"format-standard","5":"has-post-thumbnail","7":"category-lajme"},"_links":{"self":[{"href":"https:\/\/radiostargjilan.com\/web\/wp-json\/wp\/v2\/posts\/184208","targetHints":{"allow":["GET"]}}],"collection":[{"href":"https:\/\/radiostargjilan.com\/web\/wp-json\/wp\/v2\/posts"}],"about":[{"href":"https:\/\/radiostargjilan.com\/web\/wp-json\/wp\/v2\/types\/post"}],"author":[{"embeddable":true,"href":"https:\/\/radiostargjilan.com\/web\/wp-json\/wp\/v2\/users\/1"}],"replies":[{"embeddable":true,"href":"https:\/\/radiostargjilan.com\/web\/wp-json\/wp\/v2\/comments?post=184208"}],"version-history":[{"count":0,"href":"https:\/\/radiostargjilan.com\/web\/wp-json\/wp\/v2\/posts\/184208\/revisions"}],"wp:featuredmedia":[{"embeddable":true,"href":"https:\/\/radiostargjilan.com\/web\/wp-json\/wp\/v2\/media\/183070"}],"wp:attachment":[{"href":"https:\/\/radiostargjilan.com\/web\/wp-json\/wp\/v2\/media?parent=184208"}],"wp:term":[{"taxonomy":"category","embeddable":true,"href":"https:\/\/radiostargjilan.com\/web\/wp-json\/wp\/v2\/categories?post=184208"},{"taxonomy":"post_tag","embeddable":true,"href":"https:\/\/radiostargjilan.com\/web\/wp-json\/wp\/v2\/tags?post=184208"}],"curies":[{"name":"wp","href":"https:\/\/api.w.org\/{rel}","templated":true}]}}