{"id":184213,"date":"2024-10-31T20:13:33","date_gmt":"2024-10-31T19:13:33","guid":{"rendered":"https:\/\/radiostargjilan.com\/web\/?p=184213"},"modified":"2024-10-31T20:13:33","modified_gmt":"2024-10-31T19:13:33","slug":"edion-kastrati-ylli-i-ri-i-futbollit-qe-po-vjen-per-kosoven","status":"publish","type":"post","link":"https:\/\/radiostargjilan.com\/web\/edion-kastrati-ylli-i-ri-i-futbollit-qe-po-vjen-per-kosoven\/","title":{"rendered":"Edion Kastrati, ylli i ri i futbollit q\u00eb po vjen p\u00ebr Kosov\u00ebn"},"content":{"rendered":"<p>Shteti i Kosov\u00ebs shum\u00eb shpejt do t\u00eb p\u00ebrfitoj\u00eb nj\u00eb talent t\u00eb ri q\u00eb po l\u00eb gjurm\u00eb n\u00eb futbollin evropian. Edion Kastrati, nj\u00eb djal\u00eb 16-vje\u00e7ar i cili po zhvillon karrier\u00ebn e tij te FC Freiburger n\u00eb Gjermani, \u00ebsht\u00eb i p\u00ebrkushtuar p\u00ebr t\u2019i dh\u00ebn\u00eb Kosov\u00ebs nj\u00eb futbollist t\u00eb nivelit t\u00eb lart\u00eb. Me cil\u00ebsi q\u00eb dallojn\u00eb nga bashk\u00ebmoshatar\u00ebt e tij, Kastrati p\u00ebrfaq\u00ebson nj\u00eb ardhm\u00ebri premtuese p\u00ebr futbollin komb\u00ebtar, nd\u00ebrsa po ngjitet me hapa t\u00eb sigurt drejt ftes\u00ebs nga Komb\u00ebtarja U17 e Kosov\u00ebs.<\/p>\n<p>Edion Kastrati ka lindur n\u00eb Gjermani, por rr\u00ebnj\u00ebt e tij jan\u00eb nga Karaqeva e Komun\u00ebs s\u00eb Kamenic\u00ebs, duke e b\u00ebr\u00eb krenar p\u00ebr origjin\u00ebn e tij shqiptare. Familja e tij e p\u00ebrkrah n\u00eb \u00e7do hap t\u00eb karrier\u00ebs, nd\u00ebrsa Kastrati tregon nj\u00eb nivel t\u00eb jasht\u00ebzakonsh\u00ebm t\u00eb p\u00ebrkushtimit dhe disiplin\u00ebs n\u00eb fush\u00ebn e blert\u00eb. Trajner\u00ebt e tij te Freiburger jan\u00eb t\u00eb impresionuar me p\u00ebrkushtimin q\u00eb tregon n\u00eb \u00e7do seanc\u00eb st\u00ebrvitore dhe progresin e pandalsh\u00ebm q\u00eb po arrin. Cil\u00ebsit\u00eb kryesore q\u00eb e b\u00ebjn\u00eb at\u00eb t\u00eb ve\u00e7ant\u00eb jan\u00eb shpejt\u00ebsia, aft\u00ebsia p\u00ebr driblim dhe ndjesia e lart\u00eb p\u00ebr t\u00eb sh\u00ebnuar gola, t\u00eb cilat i ka zhvilluar me shum\u00eb pun\u00eb e p\u00ebrkushtim.<\/p>\n<p>\u201cShpejt\u00ebsia ime m\u00eb ndihmon t\u00eb krijoj hap\u00ebsira dhe driblimet jan\u00eb t\u00eb natyrshme p\u00ebr mua. Kur jam n\u00eb fush\u00eb, ndjej se gjith\u00e7ka \u00ebsht\u00eb e mundur,\u201d tregon Kastrati, duke p\u00ebrshkruar ndjesin\u00eb q\u00eb ka gjat\u00eb loj\u00ebs. \u201cP\u00ebr mua, futbolli \u00ebsht\u00eb m\u00eb shum\u00eb se nj\u00eb sport, \u00ebsht\u00eb nj\u00eb m\u00ebnyr\u00eb p\u00ebr t\u00eb treguar se kush jam dhe p\u00ebr t\u00eb nderuar Kosov\u00ebn.\u201d<\/p>\n<p>Pozicioni i tij kryesor n\u00eb loj\u00eb \u00ebsht\u00eb n\u00eb krah\u00ebt e sulmit, duke luajtur n\u00eb t\u00eb majt\u00eb ose n\u00eb t\u00eb djatht\u00eb, por gjithashtu ka demonstruar aft\u00ebsi t\u00eb shk\u00eblqyera edhe si mesfushor. Ky fleksibilitet e b\u00ebn nj\u00eb lojtar t\u00eb gjithansh\u00ebm, t\u00eb vlefsh\u00ebm p\u00ebr \u00e7do skuad\u00ebr dhe nj\u00eb mund\u00ebsi t\u00eb shk\u00eblqyer p\u00ebr formacionin e Komb\u00ebtares s\u00eb Kosov\u00ebs U17. Me aft\u00ebsin\u00eb p\u00ebr t\u00eb luajtur mir\u00eb me t\u00eb dyja k\u00ebmb\u00ebt, Kastrati \u00ebsht\u00eb shpesh ai q\u00eb krijon raste t\u00eb papritura, duke befasuar kund\u00ebrshtar\u00ebt me l\u00ebvizjet e tij t\u00eb shpejta dhe t\u00eb sakta.<\/p>\n<p>Nj\u00eb \u00ebnd\u00ebrr e madhe e tij \u00ebsht\u00eb p\u00ebrfaq\u00ebsimi i Kosov\u00ebs n\u00eb aren\u00ebn nd\u00ebrkomb\u00ebtare.<br \/>\n\u201cDo t\u00eb ishte nj\u00eb nder i madh p\u00ebr mua t\u00eb mbroj ngjyrat e Kosov\u00ebs. \u00cbsht\u00eb di\u00e7ka q\u00eb e kam \u00ebnd\u00ebrruar gjithmon\u00eb, jo vet\u00ebm un\u00eb, por edhe familja ime. Kjo \u00ebsht\u00eb nj\u00eb \u00ebnd\u00ebrr q\u00eb po e nd\u00ebrtoj me \u00e7do ndeshje dhe st\u00ebrvitje q\u00eb b\u00ebj,\u201d shprehet Kastrati me emocione, duke treguar p\u00ebrkushtimin dhe pasionin e tij p\u00ebr vendin.<\/p>\n<p>Tashm\u00eb, me mb\u00ebshtetjen e familjes s\u00eb tij dhe nj\u00eb q\u00ebndrim modest e pun\u00ebtor, Edion Kastrati \u00ebsht\u00eb nj\u00eb nga emrat q\u00eb pritet t\u00eb b\u00ebhet i njohur n\u00eb futbollin evropian dhe nd\u00ebrkomb\u00ebtar. Ai vazhdon t\u00eb punoj\u00eb \u00e7do dit\u00eb p\u00ebr t\u00eb p\u00ebrmir\u00ebsuar loj\u00ebn e tij dhe p\u00ebr t\u00eb p\u00ebrmbushur \u00ebndrr\u00ebn q\u00eb ka p\u00ebr zem\u00ebr \u2013 p\u00ebrfaq\u00ebsimin e Kosov\u00ebs n\u00eb aren\u00ebn nd\u00ebrkomb\u00ebtare. Kjo ambicie dhe p\u00ebrkushtim jan\u00eb tiparet q\u00eb e b\u00ebjn\u00eb Kastratin t\u00eb ve\u00e7ant\u00eb dhe nj\u00eb shpres\u00eb t\u00eb v\u00ebrtet\u00eb p\u00ebr futbollin kosovar n\u00eb t\u00eb ardhmen e af\u00ebrt.<\/p>\n","protected":false},"excerpt":{"rendered":"<p>Shteti i Kosov\u00ebs shum\u00eb shpejt do t\u00eb p\u00ebrfitoj\u00eb nj\u00eb talent t\u00eb ri q\u00eb po l\u00eb gjurm\u00eb n\u00eb futbollin evropian. Edion Kastrati, nj\u00eb djal\u00eb 16-vje\u00e7ar i cili po zhvillon karrier\u00ebn e tij te FC Freiburger n\u00eb Gjermani, \u00ebsht\u00eb i p\u00ebrkushtuar p\u00ebr t\u2019i dh\u00ebn\u00eb Kosov\u00ebs nj\u00eb futbollist t\u00eb nivelit t\u00eb lart\u00eb. Me cil\u00ebsi q\u00eb dallojn\u00eb nga bashk\u00ebmoshatar\u00ebt [&hellip;]<\/p>\n","protected":false},"author":1,"featured_media":184214,"comment_status":"closed","ping_status":"closed","sticky":false,"template":"","format":"standard","meta":{"footnotes":""},"categories":[7],"tags":[],"class_list":{"0":"post-184213","1":"post","2":"type-post","3":"status-publish","4":"format-standard","5":"has-post-thumbnail","7":"category-sports"},"_links":{"self":[{"href":"https:\/\/radiostargjilan.com\/web\/wp-json\/wp\/v2\/posts\/184213","targetHints":{"allow":["GET"]}}],"collection":[{"href":"https:\/\/radiostargjilan.com\/web\/wp-json\/wp\/v2\/posts"}],"about":[{"href":"https:\/\/radiostargjilan.com\/web\/wp-json\/wp\/v2\/types\/post"}],"author":[{"embeddable":true,"href":"https:\/\/radiostargjilan.com\/web\/wp-json\/wp\/v2\/users\/1"}],"replies":[{"embeddable":true,"href":"https:\/\/radiostargjilan.com\/web\/wp-json\/wp\/v2\/comments?post=184213"}],"version-history":[{"count":0,"href":"https:\/\/radiostargjilan.com\/web\/wp-json\/wp\/v2\/posts\/184213\/revisions"}],"wp:featuredmedia":[{"embeddable":true,"href":"https:\/\/radiostargjilan.com\/web\/wp-json\/wp\/v2\/media\/184214"}],"wp:attachment":[{"href":"https:\/\/radiostargjilan.com\/web\/wp-json\/wp\/v2\/media?parent=184213"}],"wp:term":[{"taxonomy":"category","embeddable":true,"href":"https:\/\/radiostargjilan.com\/web\/wp-json\/wp\/v2\/categories?post=184213"},{"taxonomy":"post_tag","embeddable":true,"href":"https:\/\/radiostargjilan.com\/web\/wp-json\/wp\/v2\/tags?post=184213"}],"curies":[{"name":"wp","href":"https:\/\/api.w.org\/{rel}","templated":true}]}}