{"id":184223,"date":"2024-11-01T09:35:57","date_gmt":"2024-11-01T08:35:57","guid":{"rendered":"https:\/\/radiostargjilan.com\/web\/?p=184223"},"modified":"2024-11-01T09:35:57","modified_gmt":"2024-11-01T08:35:57","slug":"shefi-i-delegacionit-te-be-se-ne-serbi-presim-perparim-ne-themelimin-e-asociacionit","status":"publish","type":"post","link":"https:\/\/radiostargjilan.com\/web\/shefi-i-delegacionit-te-be-se-ne-serbi-presim-perparim-ne-themelimin-e-asociacionit\/","title":{"rendered":"Shefi i delegacionit t\u00eb BE-s\u00eb n\u00eb Serbi: Presim p\u00ebrparim n\u00eb themelimin e Asociacionit"},"content":{"rendered":"<p>Shefi i delegacionit t\u00eb Bashkimit Evropian n\u00eb Serbi, Emanuele Giaufret  tha se BE-ja pret t\u00eb shoh\u00eb p\u00ebrparim n\u00eb themelimin e Asociacionit t\u00eb Komunave me shumic\u00eb serbe, duke shtuar se dialogu duhet t\u00eb vazhdoj\u00eb.<\/p>\n<p>Ai tha p\u00ebr TV Prva se shpejt\u00ebsia me t\u00eb cil\u00ebn Serbia do t\u00eb an\u00ebtar\u00ebsohet n\u00eb BE p\u00ebrcaktohet nga reformat n\u00eb fush\u00ebn e sundimit t\u00eb ligjit, lufta kund\u00ebr korrupsionit, si dhe marr\u00ebdh\u00ebniet mes Prishtin\u00ebs dhe Beogradit.<\/p>\n<p>\u201cTani jemi n\u00eb nj\u00eb situat\u00eb ku kemi disa marr\u00ebveshje t\u00eb arritura, nga viti 2013 dhe 2015 dhe marr\u00ebveshjen p\u00ebr rrug\u00ebn e normalizimit t\u00eb marr\u00ebdh\u00ebnieve nga viti i kaluar. Tani \u00ebsht\u00eb fjala p\u00ebr zbatimin e shum\u00eb detyrimeve. \u00c7\u00ebshtjet kryesore jan\u00eb n\u00eb tryez\u00eb, t\u00eb dyja pal\u00ebt kan\u00eb detyrime q\u00eb duhet t\u2019i zbatojn\u00eb\u201d, tha Giaufret, transmeton Klankosova.tv<\/p>\n<p>\u201cNe jemi duke diskutuar n\u00eb kuad\u00ebr t\u00eb dialogut se si t\u00eb vazhdohet. Dhe ky \u00ebsht\u00eb mesazhi q\u00eb u kemi p\u00ebrcjell\u00eb negociator\u00ebve t\u00eb t\u00eb dyja pal\u00ebve. Nj\u00eb nga aspektet ky\u00e7e \u00ebsht\u00eb krijimi i Asociacionit. Evropian\u00ebt kan\u00eb dh\u00ebn\u00eb nj\u00eb draft t\u00eb statutit dhe presim q\u00eb t\u00eb shih progres n\u00eb themelimin e Asociacionit\u201d, deklaroi ai.<\/p>\n","protected":false},"excerpt":{"rendered":"<p>Shefi i delegacionit t\u00eb Bashkimit Evropian n\u00eb Serbi, Emanuele Giaufret tha se BE-ja pret t\u00eb shoh\u00eb p\u00ebrparim n\u00eb themelimin e Asociacionit t\u00eb Komunave me shumic\u00eb serbe, duke shtuar se dialogu duhet t\u00eb vazhdoj\u00eb. Ai tha p\u00ebr TV Prva se shpejt\u00ebsia me t\u00eb cil\u00ebn Serbia do t\u00eb an\u00ebtar\u00ebsohet n\u00eb BE p\u00ebrcaktohet nga reformat n\u00eb fush\u00ebn e [&hellip;]<\/p>\n","protected":false},"author":1,"featured_media":184224,"comment_status":"closed","ping_status":"closed","sticky":false,"template":"","format":"standard","meta":{"footnotes":""},"categories":[5],"tags":[],"class_list":{"0":"post-184223","1":"post","2":"type-post","3":"status-publish","4":"format-standard","5":"has-post-thumbnail","7":"category-lajme"},"_links":{"self":[{"href":"https:\/\/radiostargjilan.com\/web\/wp-json\/wp\/v2\/posts\/184223","targetHints":{"allow":["GET"]}}],"collection":[{"href":"https:\/\/radiostargjilan.com\/web\/wp-json\/wp\/v2\/posts"}],"about":[{"href":"https:\/\/radiostargjilan.com\/web\/wp-json\/wp\/v2\/types\/post"}],"author":[{"embeddable":true,"href":"https:\/\/radiostargjilan.com\/web\/wp-json\/wp\/v2\/users\/1"}],"replies":[{"embeddable":true,"href":"https:\/\/radiostargjilan.com\/web\/wp-json\/wp\/v2\/comments?post=184223"}],"version-history":[{"count":0,"href":"https:\/\/radiostargjilan.com\/web\/wp-json\/wp\/v2\/posts\/184223\/revisions"}],"wp:featuredmedia":[{"embeddable":true,"href":"https:\/\/radiostargjilan.com\/web\/wp-json\/wp\/v2\/media\/184224"}],"wp:attachment":[{"href":"https:\/\/radiostargjilan.com\/web\/wp-json\/wp\/v2\/media?parent=184223"}],"wp:term":[{"taxonomy":"category","embeddable":true,"href":"https:\/\/radiostargjilan.com\/web\/wp-json\/wp\/v2\/categories?post=184223"},{"taxonomy":"post_tag","embeddable":true,"href":"https:\/\/radiostargjilan.com\/web\/wp-json\/wp\/v2\/tags?post=184223"}],"curies":[{"name":"wp","href":"https:\/\/api.w.org\/{rel}","templated":true}]}}