{"id":184226,"date":"2024-11-01T10:11:04","date_gmt":"2024-11-01T09:11:04","guid":{"rendered":"https:\/\/radiostargjilan.com\/web\/?p=184226"},"modified":"2024-11-01T10:12:47","modified_gmt":"2024-11-01T09:12:47","slug":"heroi-i-pasluftes-murat-ramadani-feston-40-vjetorin-ne-sherbimin-e-zjarrfikesve-te-komunes-se-gjilanit","status":"publish","type":"post","link":"https:\/\/radiostargjilan.com\/web\/heroi-i-pasluftes-murat-ramadani-feston-40-vjetorin-ne-sherbimin-e-zjarrfikesve-te-komunes-se-gjilanit\/","title":{"rendered":"Heroi i Pasluft\u00ebs, Murat Ramadani, feston 40-vjetorin n\u00eb Sh\u00ebrbimin e Zjarrfik\u00ebsve t\u00eb Komun\u00ebs s\u00eb Gjilanit"},"content":{"rendered":"<p>Murat Ramadani, feston sot nj\u00eb moment t\u00eb jasht\u00ebzakonsh\u00ebm \u2013 40 vite sh\u00ebrbim n\u00eb Sh\u00ebrbimin e Zjarrfik\u00ebsve t\u00eb Komun\u00ebs s\u00eb Gjilanit. <\/p>\n<p>N\u00eb k\u00ebto dekada t\u00eb gjata dhe t\u00eb mbushura me sfida, Ramadani ka qen\u00eb nj\u00eb figur\u00eb e pashoq e p\u00ebrkushtimit dhe guximit, duke i q\u00ebndruar gjithnj\u00eb pran\u00eb komunitetit t\u00eb tij n\u00eb koh\u00ebt m\u00eb t\u00eb v\u00ebshtira. Q\u00eb nga dit\u00ebt pasluft\u00ebs e deri m\u00eb sot, ai ka p\u00ebrmbushur role t\u00eb ndryshme me devotshm\u00ebri \u2013 si udh\u00ebheq\u00ebs i nd\u00ebrrimit, u.d. komandant, dhe aktualisht si zv. komandant.<\/p>\n<p>Heroi i Pasluft\u00ebs, Murat Ramadani, feston 40-vjetorin n\u00eb Sh\u00ebrbimin e Zjarrfik\u00ebsve t\u00eb Komun\u00ebs s\u00eb Gjilanit<\/p>\n<p>M\u00eb 1 n\u00ebntor 2024, Murat Ramadani, nj\u00eb nd\u00ebr figurat m\u00eb t\u00eb p\u00ebrkushtuara t\u00eb Komun\u00ebs s\u00eb Gjilanit, sh\u00ebnon 40 vjet sh\u00ebrbim t\u00eb pand\u00ebrprer\u00eb n\u00eb Sh\u00ebrbimin e Zjarrfik\u00ebsve. Gjat\u00eb karrier\u00ebs s\u00eb tij, Ramadani ka qen\u00eb shembull i sakrific\u00ebs dhe p\u00ebrkushtimit. Pas luft\u00ebs, ai sh\u00ebrbeu fillimisht si udh\u00ebheq\u00ebs i nd\u00ebrrimit, pastaj si u.d. komandant, dhe sot vazhdon t\u00eb jap\u00eb kontributin e tij t\u00eb jasht\u00ebzakonsh\u00ebm si Zv. Komandant.<\/p>\n<p>Edhe 5 vite deri n\u00eb pension, besojm\u00eb fuqish\u00ebm se Murati do t\u00eb vazhdoj\u00eb t\u00eb sh\u00ebrbej\u00eb me t\u00eb nj\u00ebjtin p\u00ebrkushtim dhe p\u00ebrul\u00ebsi si gjithmon\u00eb. Ky p\u00ebrvjetor nderon jo vet\u00ebm nj\u00eb karrier\u00eb t\u00eb palodhshme, por edhe nj\u00eb angazhim t\u00eb pashoq ndaj siguris\u00eb dhe mir\u00ebqenies s\u00eb qytetar\u00ebve t\u00eb Gjilanit.<br \/>\n<a href=\"https:\/\/radiostargjilan.com\/web\/wp-content\/uploads\/2024\/11\/5377f102-b868-47a7-966c-4aab2bd188ac.jpeg\"><img loading=\"lazy\" loading=\"lazy\" decoding=\"async\" src=\"https:\/\/radiostargjilan.com\/web\/wp-content\/uploads\/2024\/11\/5377f102-b868-47a7-966c-4aab2bd188ac.jpeg\" alt=\"\" width=\"1140\" height=\"1600\" class=\"alignnone size-full wp-image-184227\" srcset=\"https:\/\/radiostargjilan.com\/web\/wp-content\/uploads\/2024\/11\/5377f102-b868-47a7-966c-4aab2bd188ac.jpeg 1140w, https:\/\/radiostargjilan.com\/web\/wp-content\/uploads\/2024\/11\/5377f102-b868-47a7-966c-4aab2bd188ac-214x300.jpeg 214w, https:\/\/radiostargjilan.com\/web\/wp-content\/uploads\/2024\/11\/5377f102-b868-47a7-966c-4aab2bd188ac-730x1024.jpeg 730w, https:\/\/radiostargjilan.com\/web\/wp-content\/uploads\/2024\/11\/5377f102-b868-47a7-966c-4aab2bd188ac-768x1078.jpeg 768w, https:\/\/radiostargjilan.com\/web\/wp-content\/uploads\/2024\/11\/5377f102-b868-47a7-966c-4aab2bd188ac-1094x1536.jpeg 1094w, https:\/\/radiostargjilan.com\/web\/wp-content\/uploads\/2024\/11\/5377f102-b868-47a7-966c-4aab2bd188ac-860x1207.jpeg 860w\" sizes=\"auto, (max-width: 1140px) 100vw, 1140px\" \/><\/a><br \/>\nFaleminderit p\u00ebr secilin vit t\u00eb sh\u00ebrbimit t\u00eb sinqert\u00eb dhe p\u00ebrkushtimin ndaj komunitetit!<br \/>\n<a href=\"https:\/\/radiostargjilan.com\/web\/wp-content\/uploads\/2024\/11\/4a0c6f40-2702-4db0-a17a-0680e40fdb5f.jpeg\"><img loading=\"lazy\" loading=\"lazy\" decoding=\"async\" src=\"https:\/\/radiostargjilan.com\/web\/wp-content\/uploads\/2024\/11\/4a0c6f40-2702-4db0-a17a-0680e40fdb5f.jpeg\" alt=\"\" width=\"1600\" height=\"1200\" class=\"alignnone size-full wp-image-184230\" srcset=\"https:\/\/radiostargjilan.com\/web\/wp-content\/uploads\/2024\/11\/4a0c6f40-2702-4db0-a17a-0680e40fdb5f.jpeg 1600w, https:\/\/radiostargjilan.com\/web\/wp-content\/uploads\/2024\/11\/4a0c6f40-2702-4db0-a17a-0680e40fdb5f-300x225.jpeg 300w, https:\/\/radiostargjilan.com\/web\/wp-content\/uploads\/2024\/11\/4a0c6f40-2702-4db0-a17a-0680e40fdb5f-1024x768.jpeg 1024w, https:\/\/radiostargjilan.com\/web\/wp-content\/uploads\/2024\/11\/4a0c6f40-2702-4db0-a17a-0680e40fdb5f-768x576.jpeg 768w, https:\/\/radiostargjilan.com\/web\/wp-content\/uploads\/2024\/11\/4a0c6f40-2702-4db0-a17a-0680e40fdb5f-1536x1152.jpeg 1536w, https:\/\/radiostargjilan.com\/web\/wp-content\/uploads\/2024\/11\/4a0c6f40-2702-4db0-a17a-0680e40fdb5f-860x645.jpeg 860w\" sizes=\"auto, (max-width: 1600px) 100vw, 1600px\" \/><\/a><\/p>\n","protected":false},"excerpt":{"rendered":"<p>Murat Ramadani, feston sot nj\u00eb moment t\u00eb jasht\u00ebzakonsh\u00ebm \u2013 40 vite sh\u00ebrbim n\u00eb Sh\u00ebrbimin e Zjarrfik\u00ebsve t\u00eb Komun\u00ebs s\u00eb Gjilanit. N\u00eb k\u00ebto dekada t\u00eb gjata dhe t\u00eb mbushura me sfida, Ramadani ka qen\u00eb nj\u00eb figur\u00eb e pashoq e p\u00ebrkushtimit dhe guximit, duke i q\u00ebndruar gjithnj\u00eb pran\u00eb komunitetit t\u00eb tij n\u00eb koh\u00ebt m\u00eb t\u00eb v\u00ebshtira. Q\u00eb [&hellip;]<\/p>\n","protected":false},"author":1,"featured_media":184228,"comment_status":"closed","ping_status":"closed","sticky":false,"template":"","format":"standard","meta":{"footnotes":""},"categories":[5],"tags":[],"class_list":{"0":"post-184226","1":"post","2":"type-post","3":"status-publish","4":"format-standard","5":"has-post-thumbnail","7":"category-lajme"},"_links":{"self":[{"href":"https:\/\/radiostargjilan.com\/web\/wp-json\/wp\/v2\/posts\/184226","targetHints":{"allow":["GET"]}}],"collection":[{"href":"https:\/\/radiostargjilan.com\/web\/wp-json\/wp\/v2\/posts"}],"about":[{"href":"https:\/\/radiostargjilan.com\/web\/wp-json\/wp\/v2\/types\/post"}],"author":[{"embeddable":true,"href":"https:\/\/radiostargjilan.com\/web\/wp-json\/wp\/v2\/users\/1"}],"replies":[{"embeddable":true,"href":"https:\/\/radiostargjilan.com\/web\/wp-json\/wp\/v2\/comments?post=184226"}],"version-history":[{"count":0,"href":"https:\/\/radiostargjilan.com\/web\/wp-json\/wp\/v2\/posts\/184226\/revisions"}],"wp:featuredmedia":[{"embeddable":true,"href":"https:\/\/radiostargjilan.com\/web\/wp-json\/wp\/v2\/media\/184228"}],"wp:attachment":[{"href":"https:\/\/radiostargjilan.com\/web\/wp-json\/wp\/v2\/media?parent=184226"}],"wp:term":[{"taxonomy":"category","embeddable":true,"href":"https:\/\/radiostargjilan.com\/web\/wp-json\/wp\/v2\/categories?post=184226"},{"taxonomy":"post_tag","embeddable":true,"href":"https:\/\/radiostargjilan.com\/web\/wp-json\/wp\/v2\/tags?post=184226"}],"curies":[{"name":"wp","href":"https:\/\/api.w.org\/{rel}","templated":true}]}}