{"id":184246,"date":"2024-11-01T12:42:39","date_gmt":"2024-11-01T11:42:39","guid":{"rendered":"https:\/\/radiostargjilan.com\/web\/?p=184246"},"modified":"2024-11-01T12:42:39","modified_gmt":"2024-11-01T11:42:39","slug":"rritet-numri-i-te-rinjve-qe-nuk-jane-te-perfshire-ne-shkollim-dhe-ne-tregun-e-punes","status":"publish","type":"post","link":"https:\/\/radiostargjilan.com\/web\/rritet-numri-i-te-rinjve-qe-nuk-jane-te-perfshire-ne-shkollim-dhe-ne-tregun-e-punes\/","title":{"rendered":"Rritet numri i t\u00eb rinjve q\u00eb nuk jan\u00eb t\u00eb p\u00ebrfshir\u00eb n\u00eb shkollim dhe n\u00eb tregun e pun\u00ebs"},"content":{"rendered":"<p>Raporti i progresit p\u00ebr vitin 2024 ka identifikuar nj\u00eb num\u00ebr sfidash p\u00ebr Kosov\u00ebn n\u00eb aspektin ekonomik, t\u00eb cilat po vazhdojn\u00eb t\u00eb nxisin migrim e lart\u00eb kryesisht t\u00eb moshave t\u00eb reja. Sipas k\u00ebtij raporti numri i t\u00eb rinjve t\u00eb cil\u00ebt nuk jan\u00eb aktiv as ne pun\u00ebsim e as n\u00eb shkollim \u00ebsht\u00eb rritur. Njoh\u00ebs t\u00eb fush\u00ebs s\u00eb ekonomis\u00eb vler\u00ebsojn\u00eb se t\u00eb rinjt\u00eb e kan\u00eb humbur shpres\u00ebn dhe se kryesisht jan\u00eb t\u00eb interesuar q\u00eb t\u00eb ikin nga Kosova. Nd\u00ebrkoh\u00eb sociolog\u00ebt thon\u00eb se p\u00ebrve\u00e7 migrimit nj\u00eb num\u00ebr i madh i tyre ka prirje radikalizmin dhe dukurit\u00eb negative<\/p>\n<p>Rritja e ngadal\u00ebsuar ekonomike, eksporti i ul\u00ebt dhe norma e lart\u00eb e papun\u00ebsis\u00eb mbesin sfid\u00eb kryesore p\u00ebr Kosov\u00ebn, sipas raportit t\u00eb progresit p\u00ebr vitin 2024.<\/p>\n<p>Nj\u00eb nga shqet\u00ebsimet e theksuara n\u00eb k\u00ebt\u00eb raport \u00ebsht\u00eb edhe rritja e numrit t\u00eb rinjve t\u00eb pa p\u00ebrfshir\u00eb n\u00eb shkollim dhe n\u00eb tregun e pun\u00ebs, si dhe papabarazia gjinore n\u00eb k\u00ebt\u00eb rrafsh.<\/p>\n<p>\u201cPavar\u00ebsisht disa p\u00ebrparimeve, tregu i pun\u00ebs vazhdon t\u00eb vuaj nga pjes\u00ebmarrja shum\u00eb e ul\u00ebt, papun\u00ebsia e lart\u00eb dhe hendeku i madh gjinor. Rezultatet e anketave t\u00eb fuqis\u00eb pun\u00ebtore vazhdojn\u00eb t\u00eb publikohen me vonesa t\u00eb m\u00ebdha. Hendeku gjinor n\u00eb pun\u00ebsim \u00ebsht\u00eb zgjeruar, normat e t\u00eb pun\u00ebsuarve jan\u00eb : 53.4% p\u00ebr burrat nd\u00ebrsa 19.8% p\u00ebr grat\u00eb. Nd\u00ebrsa n\u00eb vitin 2023, p\u00ebrqindja e t\u00eb rinjve (t\u00eb mosh\u00ebs 15-24) q\u00eb nuk jan\u00eb n\u00eb pun\u00ebsim, arsimim ose trajnim u rrit pak n\u00eb 33.4%, nga 33% n\u00eb vitin 2022 q\u00eb \u00ebsht\u00eb gjithsesi m\u00eb e larta n\u00eb rajonin e Ballkanit Per\u00ebndimor\u201d.<\/p>\n<p>Shifra t\u00eb ngjashme jav\u00eb m\u00eb par\u00eb pati edhe Banka Bot\u00ebrore. Sipas raportit t\u00eb saj Kosova pritet ta p\u00ebrmbyll\u00eb vitin me nj\u00eb rritje ekonomike prej rreth 3.9%.<\/p>\n<p>Njoh\u00ebs t\u00eb ekonomis\u00eb thon\u00eb se p\u00ebr t\u00eb adresuar sfidat e papun\u00ebsis\u00eb dhe importit t\u00eb lart\u00eb rritja ekonomike duhet t\u00eb jet\u00eb dyshifrore.<\/p>\n<p>\u201cP\u00ebr t\u00eb pasur zhvillim ekonomik q\u00eb do t\u00eb garantonte pun\u00ebsim t\u00eb q\u00ebndruesh\u00ebm do duhej q\u00eb t\u00eb kishim nj\u00eb burim nga vet krijimi i vler\u00ebs sepse burimi kryesor i rritjes tek ne \u00ebsht\u00eb konsumi apo remitencat prandaj nuk reflektohet drejt\u00eb p\u00ebr rritje t\u00eb mir\u00ebqenies\u201d, ka th\u00ebn\u00eb p\u00ebr rtv21 Lek\u00eb Musa, njoh\u00ebs i ekonomis\u00eb.<\/p>\n<p>Sipas Agjencis\u00eb s\u00eb Statistikave t\u00eb Kosov\u00ebs, mbi 600 mij\u00eb qytetar\u00eb nuk jan\u00eb as n\u00eb nuk shkollohen, nd\u00ebrsa mbi 100 mij\u00eb prej tyre jan\u00eb t\u00eb mosh\u00ebs s\u00eb re.<\/p>\n<p>Kryetari i Aleanc\u00ebs s\u00eb Bizneseve, Agim Shahini, vler\u00ebson se k\u00ebto shifra jan\u00eb pasoj\u00eb e munges\u00ebs s\u00eb perspektives n\u00eb Kosov\u00eb.<\/p>\n<p>\u201cT\u00eb rinjt\u00eb e kan\u00eb humbur shpres\u00ebn n\u00eb Kosov\u00eb dhe synim kan\u00eb migrimin\u201d, ka th\u00ebn\u00eb Shahini.<\/p>\n<p>Ish-drejtori i qendr\u00ebs sociale p\u00ebr pun\u00ebsim, Vehbi Mujku, ngreh alarmin se nj\u00eb num\u00ebr i madh i t\u00eb rinjve q\u00eb nuk shkollohen dhe nuk jan\u00eb n\u00eb marr\u00ebdh\u00ebnie pune, kan\u00eb tendenc\u00eb p\u00ebr p\u00ebrfshirje n\u00eb dukuri negative.<\/p>\n<p>\u201cK\u00ebta t\u00eb rinj realisht ndihen t\u00eb diskriminuar e dijn\u00eb q\u00eb nuk mund t\u00eb pun\u00ebsohen n\u00eb institucione publike pra jan\u00eb t\u00eb diskriminuar n\u00eb an\u00ebn tjet\u00ebr n\u00eb sektorin privat nuk iu konvenon dhe p\u00ebr k\u00ebt\u00eb arsye k\u00ebta q\u00ebndrojn\u00eb pasiv t\u00eb nj\u00ebjtit m\u00eb s\u00eb shumti kan\u00eb prirje p\u00ebr radikaliz\u00ebm por edhe p\u00ebr tu marr me dukuri negative p\u00ebr t\u00eb cilat d\u00ebgjojm\u00eb \u00e7do dit\u00eb\u201d, ka th\u00ebn\u00eb Mujku.<\/p>\n<p>P\u00ebr papun\u00ebsin\u00eb e lart\u00eb dhe nj\u00ebkoh\u00ebsisht munges\u00ebn e madhe t\u00eb fuqis\u00eb pun\u00ebtore, njoh\u00ebsit e ekonomis\u00eb faj\u00ebsojn\u00eb politikat ekonomike t\u00eb vendit dhe sistemin e dob\u00ebt arsimor, i cili sipas tyre nuk p\u00ebrputhet me nevojat e tregut t\u00eb pun\u00ebs.\/RTV21<\/p>\n","protected":false},"excerpt":{"rendered":"<p>Raporti i progresit p\u00ebr vitin 2024 ka identifikuar nj\u00eb num\u00ebr sfidash p\u00ebr Kosov\u00ebn n\u00eb aspektin ekonomik, t\u00eb cilat po vazhdojn\u00eb t\u00eb nxisin migrim e lart\u00eb kryesisht t\u00eb moshave t\u00eb reja. Sipas k\u00ebtij raporti numri i t\u00eb rinjve t\u00eb cil\u00ebt nuk jan\u00eb aktiv as ne pun\u00ebsim e as n\u00eb shkollim \u00ebsht\u00eb rritur. Njoh\u00ebs t\u00eb fush\u00ebs s\u00eb [&hellip;]<\/p>\n","protected":false},"author":1,"featured_media":184247,"comment_status":"closed","ping_status":"closed","sticky":false,"template":"","format":"standard","meta":{"footnotes":""},"categories":[5],"tags":[],"class_list":{"0":"post-184246","1":"post","2":"type-post","3":"status-publish","4":"format-standard","5":"has-post-thumbnail","7":"category-lajme"},"_links":{"self":[{"href":"https:\/\/radiostargjilan.com\/web\/wp-json\/wp\/v2\/posts\/184246","targetHints":{"allow":["GET"]}}],"collection":[{"href":"https:\/\/radiostargjilan.com\/web\/wp-json\/wp\/v2\/posts"}],"about":[{"href":"https:\/\/radiostargjilan.com\/web\/wp-json\/wp\/v2\/types\/post"}],"author":[{"embeddable":true,"href":"https:\/\/radiostargjilan.com\/web\/wp-json\/wp\/v2\/users\/1"}],"replies":[{"embeddable":true,"href":"https:\/\/radiostargjilan.com\/web\/wp-json\/wp\/v2\/comments?post=184246"}],"version-history":[{"count":0,"href":"https:\/\/radiostargjilan.com\/web\/wp-json\/wp\/v2\/posts\/184246\/revisions"}],"wp:featuredmedia":[{"embeddable":true,"href":"https:\/\/radiostargjilan.com\/web\/wp-json\/wp\/v2\/media\/184247"}],"wp:attachment":[{"href":"https:\/\/radiostargjilan.com\/web\/wp-json\/wp\/v2\/media?parent=184246"}],"wp:term":[{"taxonomy":"category","embeddable":true,"href":"https:\/\/radiostargjilan.com\/web\/wp-json\/wp\/v2\/categories?post=184246"},{"taxonomy":"post_tag","embeddable":true,"href":"https:\/\/radiostargjilan.com\/web\/wp-json\/wp\/v2\/tags?post=184246"}],"curies":[{"name":"wp","href":"https:\/\/api.w.org\/{rel}","templated":true}]}}