{"id":184291,"date":"2024-11-01T19:35:13","date_gmt":"2024-11-01T18:35:13","guid":{"rendered":"https:\/\/radiostargjilan.com\/web\/?p=184291"},"modified":"2024-11-01T19:35:13","modified_gmt":"2024-11-01T18:35:13","slug":"zps-ja-largon-12-deshmitare-ne-rastin-e-thacit-dhe-te-tjeret","status":"publish","type":"post","link":"https:\/\/radiostargjilan.com\/web\/zps-ja-largon-12-deshmitare-ne-rastin-e-thacit-dhe-te-tjeret\/","title":{"rendered":"ZPS-ja largon 12 d\u00ebshmitar\u00eb n\u00eb rastin e Tha\u00e7it dhe t\u00eb tjer\u00ebt"},"content":{"rendered":"<p>Zyra e Prokurorit t\u00eb Specializuar njoftoi sot se nuk do t\u00eb mb\u00ebshtetet m\u00eb n\u00eb d\u00ebshmit\u00eb e dymb\u00ebdhjet\u00eb d\u00ebshmitar\u00ebve.<\/p>\n<p>&#8220;Gjithashtu, ZPS-ja do t\u2019i paraqes\u00eb deklaratat e tet\u00eb d\u00ebshmitar\u00ebve me shkrim n\u00eb vend t\u00eb d\u00ebshmive t\u00eb drejtp\u00ebrdrejta n\u00eb gjykat\u00eb\u201d, thuhet n\u00eb njoftim.<\/p>\n<p>\u201cSi\u00e7 ishte b\u00ebr\u00eb e ditur gjat\u00eb konferenc\u00ebs p\u00ebr ecurin\u00eb e \u00e7\u00ebshtjes m\u00eb 1 tetor, p\u00ebr t\u00eb cil\u00ebn informuam k\u00ebtu, ZPS-ja njoftoi sot, m\u00eb 1 n\u00ebntor, se nuk do t\u00eb mb\u00ebshtetet m\u00eb n\u00eb d\u00ebshmit\u00eb e dymb\u00ebdhjet\u00eb d\u00ebshmitar\u00ebve. Gjithashtu, ZPS-ja do t\u2019i paraqes\u00eb deklaratat e tet\u00eb d\u00ebshmitar\u00ebve me shkrim n\u00eb vend t\u00eb d\u00ebshmive t\u00eb drejtp\u00ebrdrejta n\u00eb gjykat\u00eb\u201d, thuhet n\u00eb njoftim.<\/p>\n","protected":false},"excerpt":{"rendered":"<p>Zyra e Prokurorit t\u00eb Specializuar njoftoi sot se nuk do t\u00eb mb\u00ebshtetet m\u00eb n\u00eb d\u00ebshmit\u00eb e dymb\u00ebdhjet\u00eb d\u00ebshmitar\u00ebve. &#8220;Gjithashtu, ZPS-ja do t\u2019i paraqes\u00eb deklaratat e tet\u00eb d\u00ebshmitar\u00ebve me shkrim n\u00eb vend t\u00eb d\u00ebshmive t\u00eb drejtp\u00ebrdrejta n\u00eb gjykat\u00eb\u201d, thuhet n\u00eb njoftim. \u201cSi\u00e7 ishte b\u00ebr\u00eb e ditur gjat\u00eb konferenc\u00ebs p\u00ebr ecurin\u00eb e \u00e7\u00ebshtjes m\u00eb 1 tetor, p\u00ebr [&hellip;]<\/p>\n","protected":false},"author":1,"featured_media":184292,"comment_status":"closed","ping_status":"closed","sticky":false,"template":"","format":"standard","meta":{"footnotes":""},"categories":[5],"tags":[],"class_list":{"0":"post-184291","1":"post","2":"type-post","3":"status-publish","4":"format-standard","5":"has-post-thumbnail","7":"category-lajme"},"_links":{"self":[{"href":"https:\/\/radiostargjilan.com\/web\/wp-json\/wp\/v2\/posts\/184291","targetHints":{"allow":["GET"]}}],"collection":[{"href":"https:\/\/radiostargjilan.com\/web\/wp-json\/wp\/v2\/posts"}],"about":[{"href":"https:\/\/radiostargjilan.com\/web\/wp-json\/wp\/v2\/types\/post"}],"author":[{"embeddable":true,"href":"https:\/\/radiostargjilan.com\/web\/wp-json\/wp\/v2\/users\/1"}],"replies":[{"embeddable":true,"href":"https:\/\/radiostargjilan.com\/web\/wp-json\/wp\/v2\/comments?post=184291"}],"version-history":[{"count":0,"href":"https:\/\/radiostargjilan.com\/web\/wp-json\/wp\/v2\/posts\/184291\/revisions"}],"wp:featuredmedia":[{"embeddable":true,"href":"https:\/\/radiostargjilan.com\/web\/wp-json\/wp\/v2\/media\/184292"}],"wp:attachment":[{"href":"https:\/\/radiostargjilan.com\/web\/wp-json\/wp\/v2\/media?parent=184291"}],"wp:term":[{"taxonomy":"category","embeddable":true,"href":"https:\/\/radiostargjilan.com\/web\/wp-json\/wp\/v2\/categories?post=184291"},{"taxonomy":"post_tag","embeddable":true,"href":"https:\/\/radiostargjilan.com\/web\/wp-json\/wp\/v2\/tags?post=184291"}],"curies":[{"name":"wp","href":"https:\/\/api.w.org\/{rel}","templated":true}]}}