{"id":184336,"date":"2024-11-02T09:38:21","date_gmt":"2024-11-02T08:38:21","guid":{"rendered":"https:\/\/radiostargjilan.com\/web\/?p=184336"},"modified":"2024-11-02T09:38:21","modified_gmt":"2024-11-02T08:38:21","slug":"nderron-jete-zyrtarja-e-komunes-se-gjilanit-ismete-kurtalani","status":"publish","type":"post","link":"https:\/\/radiostargjilan.com\/web\/nderron-jete-zyrtarja-e-komunes-se-gjilanit-ismete-kurtalani\/","title":{"rendered":"Nd\u00ebrron jet\u00eb zyrtarja e komun\u00ebs s\u00eb Gjilanit, Ismete Kurtalani"},"content":{"rendered":"<p>Me dhimbje t\u00eb madh \u00ebsht\u00eb pritur sot lajmi p\u00ebr ndarjen nga jeta t\u00eb zyrtares s\u00eb komun\u00ebs s\u00eb Gjilanit, Ismete Kurtalani. <\/p>\n<p>Lajmin p\u00ebr vdekjen e saj e kan\u00eb b\u00ebr\u00eb t\u00eb ditur familjar\u00ebt e saj.<br \/>\n<a href=\"https:\/\/radiostargjilan.com\/web\/wp-content\/uploads\/2024\/11\/IMG_1328.jpeg\"><img loading=\"lazy\" loading=\"lazy\" decoding=\"async\" src=\"https:\/\/radiostargjilan.com\/web\/wp-content\/uploads\/2024\/11\/IMG_1328.jpeg\" alt=\"\" width=\"1284\" height=\"1900\" class=\"alignnone size-full wp-image-184337\" srcset=\"https:\/\/radiostargjilan.com\/web\/wp-content\/uploads\/2024\/11\/IMG_1328.jpeg 1284w, https:\/\/radiostargjilan.com\/web\/wp-content\/uploads\/2024\/11\/IMG_1328-203x300.jpeg 203w, https:\/\/radiostargjilan.com\/web\/wp-content\/uploads\/2024\/11\/IMG_1328-692x1024.jpeg 692w, https:\/\/radiostargjilan.com\/web\/wp-content\/uploads\/2024\/11\/IMG_1328-768x1136.jpeg 768w, https:\/\/radiostargjilan.com\/web\/wp-content\/uploads\/2024\/11\/IMG_1328-1038x1536.jpeg 1038w, https:\/\/radiostargjilan.com\/web\/wp-content\/uploads\/2024\/11\/IMG_1328-860x1273.jpeg 860w\" sizes=\"auto, (max-width: 1284px) 100vw, 1284px\" \/><\/a><br \/>\nKryetari i Komun\u00ebs s\u00eb Gjilanit, Alban Hyseni, ka shprehur ngush\u00ebllimet m\u00eb t\u00eb sinqerta p\u00ebr familjen Sahiti-Kurtalani n\u00eb k\u00ebt\u00eb moment t\u00eb v\u00ebshtir\u00eb, duke e vler\u00ebsuar lart kontributin e saj si zyrtare e p\u00ebrkushtuar dhe e p\u00ebrzem\u00ebrt p\u00ebr komunitetin.<br \/>\n<a href=\"https:\/\/radiostargjilan.com\/web\/wp-content\/uploads\/2024\/11\/84bd235c-bf61-437b-8b59-9dd7edb8e391.jpeg\"><img loading=\"lazy\" loading=\"lazy\" decoding=\"async\" src=\"https:\/\/radiostargjilan.com\/web\/wp-content\/uploads\/2024\/11\/84bd235c-bf61-437b-8b59-9dd7edb8e391.jpeg\" alt=\"\" width=\"1214\" height=\"1600\" class=\"alignnone size-full wp-image-184338\" srcset=\"https:\/\/radiostargjilan.com\/web\/wp-content\/uploads\/2024\/11\/84bd235c-bf61-437b-8b59-9dd7edb8e391.jpeg 1214w, https:\/\/radiostargjilan.com\/web\/wp-content\/uploads\/2024\/11\/84bd235c-bf61-437b-8b59-9dd7edb8e391-228x300.jpeg 228w, https:\/\/radiostargjilan.com\/web\/wp-content\/uploads\/2024\/11\/84bd235c-bf61-437b-8b59-9dd7edb8e391-777x1024.jpeg 777w, https:\/\/radiostargjilan.com\/web\/wp-content\/uploads\/2024\/11\/84bd235c-bf61-437b-8b59-9dd7edb8e391-768x1012.jpeg 768w, https:\/\/radiostargjilan.com\/web\/wp-content\/uploads\/2024\/11\/84bd235c-bf61-437b-8b59-9dd7edb8e391-1165x1536.jpeg 1165w, https:\/\/radiostargjilan.com\/web\/wp-content\/uploads\/2024\/11\/84bd235c-bf61-437b-8b59-9dd7edb8e391-860x1133.jpeg 860w\" sizes=\"auto, (max-width: 1214px) 100vw, 1214px\" \/><\/a><\/p>\n","protected":false},"excerpt":{"rendered":"<p>Me dhimbje t\u00eb madh \u00ebsht\u00eb pritur sot lajmi p\u00ebr ndarjen nga jeta t\u00eb zyrtares s\u00eb komun\u00ebs s\u00eb Gjilanit, Ismete Kurtalani. Lajmin p\u00ebr vdekjen e saj e kan\u00eb b\u00ebr\u00eb t\u00eb ditur familjar\u00ebt e saj. Kryetari i Komun\u00ebs s\u00eb Gjilanit, Alban Hyseni, ka shprehur ngush\u00ebllimet m\u00eb t\u00eb sinqerta p\u00ebr familjen Sahiti-Kurtalani n\u00eb k\u00ebt\u00eb moment t\u00eb v\u00ebshtir\u00eb, duke [&hellip;]<\/p>\n","protected":false},"author":1,"featured_media":184339,"comment_status":"closed","ping_status":"closed","sticky":false,"template":"","format":"standard","meta":{"footnotes":""},"categories":[5],"tags":[],"class_list":{"0":"post-184336","1":"post","2":"type-post","3":"status-publish","4":"format-standard","5":"has-post-thumbnail","7":"category-lajme"},"_links":{"self":[{"href":"https:\/\/radiostargjilan.com\/web\/wp-json\/wp\/v2\/posts\/184336","targetHints":{"allow":["GET"]}}],"collection":[{"href":"https:\/\/radiostargjilan.com\/web\/wp-json\/wp\/v2\/posts"}],"about":[{"href":"https:\/\/radiostargjilan.com\/web\/wp-json\/wp\/v2\/types\/post"}],"author":[{"embeddable":true,"href":"https:\/\/radiostargjilan.com\/web\/wp-json\/wp\/v2\/users\/1"}],"replies":[{"embeddable":true,"href":"https:\/\/radiostargjilan.com\/web\/wp-json\/wp\/v2\/comments?post=184336"}],"version-history":[{"count":0,"href":"https:\/\/radiostargjilan.com\/web\/wp-json\/wp\/v2\/posts\/184336\/revisions"}],"wp:featuredmedia":[{"embeddable":true,"href":"https:\/\/radiostargjilan.com\/web\/wp-json\/wp\/v2\/media\/184339"}],"wp:attachment":[{"href":"https:\/\/radiostargjilan.com\/web\/wp-json\/wp\/v2\/media?parent=184336"}],"wp:term":[{"taxonomy":"category","embeddable":true,"href":"https:\/\/radiostargjilan.com\/web\/wp-json\/wp\/v2\/categories?post=184336"},{"taxonomy":"post_tag","embeddable":true,"href":"https:\/\/radiostargjilan.com\/web\/wp-json\/wp\/v2\/tags?post=184336"}],"curies":[{"name":"wp","href":"https:\/\/api.w.org\/{rel}","templated":true}]}}