{"id":184858,"date":"2024-11-09T12:45:04","date_gmt":"2024-11-09T11:45:04","guid":{"rendered":"https:\/\/radiostargjilan.com\/web\/?p=184858"},"modified":"2024-11-09T12:45:04","modified_gmt":"2024-11-09T11:45:04","slug":"edion-kastrati-jam-krenar-qe-do-te-vesh-fanellen-e-kosoves","status":"publish","type":"post","link":"https:\/\/radiostargjilan.com\/web\/edion-kastrati-jam-krenar-qe-do-te-vesh-fanellen-e-kosoves\/","title":{"rendered":"Edion Kastrati: Jam krenar q\u00eb do t\u00eb vesh fanell\u00ebn e Kosov\u00ebs"},"content":{"rendered":"<p>Edion Kastrati, futbollisti 17-vje\u00e7ar me prejardhje nga Kara\u00e7eva, i cili jeton dhe st\u00ebrvitet n\u00eb Gjermani, \u00ebsht\u00eb ftuar nga p\u00ebrzgjedh\u00ebsi i Komb\u00ebtares s\u00eb Kosov\u00ebs U17, Arbnor Morina, p\u00ebr t\u2019u bashkuar me grumbullimin e ekipit dy ditore (19-20 Nentor), n\u00eb Kompleksin Sportiv n\u00eb Hajvali. Kjo ftes\u00eb \u00ebsht\u00eb nj\u00eb moment i ve\u00e7ant\u00eb p\u00ebr talentin e ri, i cili po p\u00ebrjeton krenari dhe emocione t\u00eb m\u00ebdha q\u00eb do t\u00eb mbroj\u00eb ngjyrat e Kosov\u00ebs.<\/p>\n<p>\u201cJam shum\u00eb i lumtur p\u00ebr ftes\u00ebn q\u00eb m\u00eb ka b\u00ebr\u00eb p\u00ebrzgjedh\u00ebsi Arbnor Morina. Kjo \u00ebsht\u00eb nj\u00eb ftes\u00eb q\u00eb m\u00eb b\u00ebn krenar, mua dhe gjith\u00eb familjen time. P\u00ebr k\u00ebto dy dit\u00eb grumbullimi do t\u00eb b\u00ebj \u00e7mos p\u00ebr ta d\u00ebshmuar veten dhe p\u00ebr t\u00eb arsyetuar besimin q\u00eb m\u00eb \u00ebsht\u00eb dh\u00ebn\u00eb,\u201d ka shprehur emocionet e tij Kastrati.<\/p>\n<p>Kastrati, i cili luan p\u00ebr FC Freiburger n\u00eb Gjermani, \u00ebsht\u00eb nj\u00eb sulmues i spikatur q\u00eb shquhet p\u00ebr fleksibilitetin e tij n\u00eb dy pozicione ky\u00e7e, n\u00eb krahun e majt\u00eb dhe t\u00eb djatht\u00eb t\u00eb sulmit. Angazhimi i tij dhe performanca e vazhdueshme kan\u00eb t\u00ebrhequr v\u00ebmendjen e trajner\u00ebve, duke e b\u00ebr\u00eb at\u00eb nj\u00eb nd\u00ebr talentet m\u00eb premtues t\u00eb gjenerat\u00ebs s\u00eb re kosovare.<\/p>\n<p>Ky grumbullim \u00ebsht\u00eb nj\u00eb mund\u00ebsi e jasht\u00ebzakonshme p\u00ebr Kastratin q\u00eb t\u00eb integrohet me bashk\u00eblojtar\u00ebt dhe t\u00eb njoh\u00eb nga af\u00ebr stilin dhe k\u00ebrkesat e ekipit p\u00ebrfaq\u00ebsues. P\u00ebr familjen e tij, kjo \u00ebsht\u00eb nj\u00eb arritje e madhe q\u00eb pasqyron sakrificat e b\u00ebra nd\u00ebr vite p\u00ebr t\u00eb mb\u00ebshtetur karrier\u00ebn e tij n\u00eb futboll.<\/p>\n<p>N\u00eb p\u00ebrfundim t\u00eb grumbullimit dyditor, p\u00ebrzgjedh\u00ebsi Morina pritet t\u00eb b\u00ebj\u00eb vler\u00ebsimin e lojtar\u00ebve, duke p\u00ebrfshir\u00eb dhe Kastratin, i cili shpreson t\u00eb l\u00ebr\u00eb nj\u00eb p\u00ebrshtypje t\u00eb mir\u00eb dhe t\u00eb siguroj\u00eb nj\u00eb vend t\u00eb p\u00ebrhersh\u00ebm n\u00eb ekipin komb\u00ebtar U17 t\u00eb Kosov\u00ebs.<\/p>\n","protected":false},"excerpt":{"rendered":"<p>Edion Kastrati, futbollisti 17-vje\u00e7ar me prejardhje nga Kara\u00e7eva, i cili jeton dhe st\u00ebrvitet n\u00eb Gjermani, \u00ebsht\u00eb ftuar nga p\u00ebrzgjedh\u00ebsi i Komb\u00ebtares s\u00eb Kosov\u00ebs U17, Arbnor Morina, p\u00ebr t\u2019u bashkuar me grumbullimin e ekipit dy ditore (19-20 Nentor), n\u00eb Kompleksin Sportiv n\u00eb Hajvali. Kjo ftes\u00eb \u00ebsht\u00eb nj\u00eb moment i ve\u00e7ant\u00eb p\u00ebr talentin e ri, i cili [&hellip;]<\/p>\n","protected":false},"author":1,"featured_media":184859,"comment_status":"closed","ping_status":"closed","sticky":false,"template":"","format":"standard","meta":{"footnotes":""},"categories":[7],"tags":[],"class_list":{"0":"post-184858","1":"post","2":"type-post","3":"status-publish","4":"format-standard","5":"has-post-thumbnail","7":"category-sports"},"_links":{"self":[{"href":"https:\/\/radiostargjilan.com\/web\/wp-json\/wp\/v2\/posts\/184858","targetHints":{"allow":["GET"]}}],"collection":[{"href":"https:\/\/radiostargjilan.com\/web\/wp-json\/wp\/v2\/posts"}],"about":[{"href":"https:\/\/radiostargjilan.com\/web\/wp-json\/wp\/v2\/types\/post"}],"author":[{"embeddable":true,"href":"https:\/\/radiostargjilan.com\/web\/wp-json\/wp\/v2\/users\/1"}],"replies":[{"embeddable":true,"href":"https:\/\/radiostargjilan.com\/web\/wp-json\/wp\/v2\/comments?post=184858"}],"version-history":[{"count":0,"href":"https:\/\/radiostargjilan.com\/web\/wp-json\/wp\/v2\/posts\/184858\/revisions"}],"wp:featuredmedia":[{"embeddable":true,"href":"https:\/\/radiostargjilan.com\/web\/wp-json\/wp\/v2\/media\/184859"}],"wp:attachment":[{"href":"https:\/\/radiostargjilan.com\/web\/wp-json\/wp\/v2\/media?parent=184858"}],"wp:term":[{"taxonomy":"category","embeddable":true,"href":"https:\/\/radiostargjilan.com\/web\/wp-json\/wp\/v2\/categories?post=184858"},{"taxonomy":"post_tag","embeddable":true,"href":"https:\/\/radiostargjilan.com\/web\/wp-json\/wp\/v2\/tags?post=184858"}],"curies":[{"name":"wp","href":"https:\/\/api.w.org\/{rel}","templated":true}]}}