{"id":185463,"date":"2024-11-18T09:16:59","date_gmt":"2024-11-18T08:16:59","guid":{"rendered":"https:\/\/radiostargjilan.com\/web\/?p=185463"},"modified":"2024-11-18T09:16:59","modified_gmt":"2024-11-18T08:16:59","slug":"arsim-bajrami-doracaket-nuk-jane-hartuar-kur-une-udheheqja-ministrine-e-arsimit","status":"publish","type":"post","link":"https:\/\/radiostargjilan.com\/web\/arsim-bajrami-doracaket-nuk-jane-hartuar-kur-une-udheheqja-ministrine-e-arsimit\/","title":{"rendered":"Arsim Bajrami: Doracak\u00ebt nuk jan\u00eb hartuar kur un\u00eb udh\u00ebheqja Ministrin\u00eb e Arsimit"},"content":{"rendered":"<p>Arsim Bajrami, ish-minist\u00ebr i Arsimit, ka reaguar pasi kryeministri Albin Kurti, tha p\u00ebrmes nj\u00eb video tha se doracaku p\u00ebr Edukimin Seksual \u201ckishte filluar hartimin n\u00eb vitin 2016 (kur minist\u00ebr i Arsimit ishte Dr. Arsim Bajrami nga PDK), e ishte i miratuar n\u00eb vitin 2020 (kur ministre e Arsimit ishte Dr. Hykmete Bajrami nga LDK), dhe n\u00eb vitin 2023 \u00ebsht\u00eb publikuar n\u00eb faqen e MAShTI-t. Pra, jo n\u00eb n\u00ebntorin e vitit 2024 por n\u00eb gusht t\u00eb vitit 2023\u201d.<\/p>\n<p>Bajrami p\u00ebrmes nj\u00eb postimi n\u00eb Facebook ka shkruar se p\u00ebrmbajtja e doracak\u00ebve nuk \u00ebsht\u00eb hartuar e as miratuar p\u00ebrgjat\u00eb koh\u00ebs sa ka udh\u00ebhequr ai.<\/p>\n<p>tashm\u00eb prej koh\u00ebsh nuk jam i angazhuar aktivisht n\u00eb politik\u00eb, mir\u00ebpo ndjeva nevoj\u00ebn t\u00eb jap k\u00ebt\u00eb sqarim, pasi kryeministri z. Albin Kurti m\u00eb ka p\u00ebrmendur n\u00eb reagimin e tij lidhur me debatet e fundit mbi tem\u00ebn e doracak\u00ebve p\u00ebr m\u00ebsimdh\u00ebn\u00ebs \u201cEdukimi seksual dhe sh\u00ebndeti riprodhues\u201d p\u00ebr arsimin fillor, arsimin e mes\u00ebm t\u00eb ul\u00ebt dhe arsimin e mes\u00ebm t\u00eb lart\u00eb.<\/p>\n<p>D\u00ebshiroj t\u00eb sqaroj se n\u00eb shkurt 2016, kur un\u00eb isha n\u00eb udh\u00ebheqje t\u00eb MASHTI-t, \u00ebsht\u00eb paraqitur k\u00ebrkesa tek UNFPA (Fondi i Kombeve t\u00eb Bashkuara p\u00ebr Popullsin\u00eb) p\u00ebr mb\u00ebshtetje n\u00eb hartimin e doracak\u00ebve p\u00ebr m\u00ebsimdh\u00ebn\u00ebs. P\u00ebr k\u00ebt\u00eb, shpreh mir\u00ebnjohjen time ndaj UNFPA-s\u00eb p\u00ebr gatishm\u00ebrin\u00eb e tyre p\u00ebr t\u00eb ofruar ndihm\u00eb duke qen\u00eb nj\u00eb agjenci e Kombeve t\u00eb Bashkuara q\u00eb punon p\u00ebr t\u00eb p\u00ebrmir\u00ebsuar \u00e7\u00ebshtjet q\u00eb lidhen me popullsin\u00eb dhe zhvillimin.<\/p>\n<p>Gjithsesi, hartimi dhe miratimi i p\u00ebrmbajtjes s\u00eb doracak\u00ebve nga nj\u00ebsit\u00eb p\u00ebrkat\u00ebse t\u00eb MASHTI-t nuk ka ndodhur gjat\u00eb periudh\u00ebs kur un\u00eb isha n\u00eb udh\u00ebheqje t\u00eb ministris\u00eb.<\/p>\n<p>Gabime n\u00eb tekste shkollore, planprograme dhe doracak\u00eb kan\u00eb ndodhur (p\u00ebrfshir\u00eb periudh\u00ebn kur un\u00eb kam sh\u00ebrbyer), ndodhin dhe do t\u00eb ndodhin edhe n\u00eb t\u00eb ardhmen. Ajo q\u00eb \u00ebsht\u00eb m\u00eb e r\u00ebnd\u00ebsishme, \u00ebsht\u00eb q\u00eb institucionet shtet\u00ebrore p\u00ebrkat\u00ebse t\u00eb jen\u00eb t\u00eb hapura dhe t\u00eb tregojn\u00eb gjithmon\u00eb gatishm\u00ebri p\u00ebr reflektim dhe p\u00ebrmir\u00ebsim.<\/p>\n","protected":false},"excerpt":{"rendered":"<p>Arsim Bajrami, ish-minist\u00ebr i Arsimit, ka reaguar pasi kryeministri Albin Kurti, tha p\u00ebrmes nj\u00eb video tha se doracaku p\u00ebr Edukimin Seksual \u201ckishte filluar hartimin n\u00eb vitin 2016 (kur minist\u00ebr i Arsimit ishte Dr. Arsim Bajrami nga PDK), e ishte i miratuar n\u00eb vitin 2020 (kur ministre e Arsimit ishte Dr. Hykmete Bajrami nga LDK), dhe [&hellip;]<\/p>\n","protected":false},"author":1,"featured_media":185464,"comment_status":"closed","ping_status":"closed","sticky":false,"template":"","format":"standard","meta":{"footnotes":""},"categories":[5],"tags":[],"class_list":{"0":"post-185463","1":"post","2":"type-post","3":"status-publish","4":"format-standard","5":"has-post-thumbnail","7":"category-lajme"},"_links":{"self":[{"href":"https:\/\/radiostargjilan.com\/web\/wp-json\/wp\/v2\/posts\/185463","targetHints":{"allow":["GET"]}}],"collection":[{"href":"https:\/\/radiostargjilan.com\/web\/wp-json\/wp\/v2\/posts"}],"about":[{"href":"https:\/\/radiostargjilan.com\/web\/wp-json\/wp\/v2\/types\/post"}],"author":[{"embeddable":true,"href":"https:\/\/radiostargjilan.com\/web\/wp-json\/wp\/v2\/users\/1"}],"replies":[{"embeddable":true,"href":"https:\/\/radiostargjilan.com\/web\/wp-json\/wp\/v2\/comments?post=185463"}],"version-history":[{"count":0,"href":"https:\/\/radiostargjilan.com\/web\/wp-json\/wp\/v2\/posts\/185463\/revisions"}],"wp:featuredmedia":[{"embeddable":true,"href":"https:\/\/radiostargjilan.com\/web\/wp-json\/wp\/v2\/media\/185464"}],"wp:attachment":[{"href":"https:\/\/radiostargjilan.com\/web\/wp-json\/wp\/v2\/media?parent=185463"}],"wp:term":[{"taxonomy":"category","embeddable":true,"href":"https:\/\/radiostargjilan.com\/web\/wp-json\/wp\/v2\/categories?post=185463"},{"taxonomy":"post_tag","embeddable":true,"href":"https:\/\/radiostargjilan.com\/web\/wp-json\/wp\/v2\/tags?post=185463"}],"curies":[{"name":"wp","href":"https:\/\/api.w.org\/{rel}","templated":true}]}}