{"id":186466,"date":"2024-11-30T11:52:55","date_gmt":"2024-11-30T10:52:55","guid":{"rendered":"https:\/\/radiostargjilan.com\/web\/?p=186466"},"modified":"2024-11-30T11:52:55","modified_gmt":"2024-11-30T10:52:55","slug":"permbyllen-aktivitetet-per-festat-e-nentorit","status":"publish","type":"post","link":"https:\/\/radiostargjilan.com\/web\/permbyllen-aktivitetet-per-festat-e-nentorit\/","title":{"rendered":"P\u00ebrmbyllen aktivitetet p\u00ebr festat e n\u00ebntorit"},"content":{"rendered":"<p>Kan\u00eb p\u00ebrfunduar aktivitetet n\u00eb Komun\u00ebn e Gjilanit, p\u00ebr nder t\u00eb 112-vjetorit t\u00eb Dit\u00ebs s\u00eb Flamurit. <\/p>\n<p>Ngjarjet e shumta kishin p\u00ebr synim t\u00eb  kujtojn\u00eb r\u00ebnd\u00ebsin\u00eb e unitetit dhe vler\u00ebsimin p\u00ebr trash\u00ebgimin\u00eb ton\u00eb komb\u00ebtare.<\/p>\n<p>P\u00ebrmbyllja e aktiviteve u b\u00eb me gala mbr\u00ebmjen  \u201cN\u00ebn Nj\u00eb Flamur t\u00eb Pandar\u00eb\u201d.<\/p>\n<p>Kryetari i Komun\u00ebs s\u00eb Gjilanit, Alban Hyseni, tha se p\u00ebr nder t\u00eb 28 n\u00ebntorit, Gjilani u bashkua n\u00eb nj\u00eb atmosfer\u00eb uniteti dhe krenarie. Pritja p\u00ebr artist\u00ebt dhe mbr\u00ebmja gala \u201cN\u00ebn Nj\u00eb Flamur t\u00eb Pandar\u00eb\u201d ishin momente q\u00eb p\u00ebrmbyll\u00ebn festimet me emocion dhe mesazhe t\u00eb fuqishme komb\u00ebtare.<\/p>\n<p>&#8220;Dita e Flamurit, na kujton sakrificat dhe idealet q\u00eb na bashkojn\u00eb si komb, duke na frym\u00ebzuar p\u00ebr nj\u00eb t\u00eb ardhme m\u00eb t\u00eb ndritur&#8221;, tha kryetari Hyseni.<\/p>\n","protected":false},"excerpt":{"rendered":"<p>Kan\u00eb p\u00ebrfunduar aktivitetet n\u00eb Komun\u00ebn e Gjilanit, p\u00ebr nder t\u00eb 112-vjetorit t\u00eb Dit\u00ebs s\u00eb Flamurit. Ngjarjet e shumta kishin p\u00ebr synim t\u00eb kujtojn\u00eb r\u00ebnd\u00ebsin\u00eb e unitetit dhe vler\u00ebsimin p\u00ebr trash\u00ebgimin\u00eb ton\u00eb komb\u00ebtare. P\u00ebrmbyllja e aktiviteve u b\u00eb me gala mbr\u00ebmjen \u201cN\u00ebn Nj\u00eb Flamur t\u00eb Pandar\u00eb\u201d. Kryetari i Komun\u00ebs s\u00eb Gjilanit, Alban Hyseni, tha se p\u00ebr [&hellip;]<\/p>\n","protected":false},"author":1,"featured_media":186467,"comment_status":"closed","ping_status":"closed","sticky":false,"template":"","format":"standard","meta":{"footnotes":""},"categories":[5],"tags":[],"class_list":{"0":"post-186466","1":"post","2":"type-post","3":"status-publish","4":"format-standard","5":"has-post-thumbnail","7":"category-lajme"},"_links":{"self":[{"href":"https:\/\/radiostargjilan.com\/web\/wp-json\/wp\/v2\/posts\/186466","targetHints":{"allow":["GET"]}}],"collection":[{"href":"https:\/\/radiostargjilan.com\/web\/wp-json\/wp\/v2\/posts"}],"about":[{"href":"https:\/\/radiostargjilan.com\/web\/wp-json\/wp\/v2\/types\/post"}],"author":[{"embeddable":true,"href":"https:\/\/radiostargjilan.com\/web\/wp-json\/wp\/v2\/users\/1"}],"replies":[{"embeddable":true,"href":"https:\/\/radiostargjilan.com\/web\/wp-json\/wp\/v2\/comments?post=186466"}],"version-history":[{"count":0,"href":"https:\/\/radiostargjilan.com\/web\/wp-json\/wp\/v2\/posts\/186466\/revisions"}],"wp:featuredmedia":[{"embeddable":true,"href":"https:\/\/radiostargjilan.com\/web\/wp-json\/wp\/v2\/media\/186467"}],"wp:attachment":[{"href":"https:\/\/radiostargjilan.com\/web\/wp-json\/wp\/v2\/media?parent=186466"}],"wp:term":[{"taxonomy":"category","embeddable":true,"href":"https:\/\/radiostargjilan.com\/web\/wp-json\/wp\/v2\/categories?post=186466"},{"taxonomy":"post_tag","embeddable":true,"href":"https:\/\/radiostargjilan.com\/web\/wp-json\/wp\/v2\/tags?post=186466"}],"curies":[{"name":"wp","href":"https:\/\/api.w.org\/{rel}","templated":true}]}}