{"id":186604,"date":"2024-12-01T11:35:46","date_gmt":"2024-12-01T10:35:46","guid":{"rendered":"https:\/\/radiostargjilan.com\/web\/?p=186604"},"modified":"2024-12-01T11:35:46","modified_gmt":"2024-12-01T10:35:46","slug":"pas-sulmit-ne-kanalin-e-iber-lepencit-rizvanolli-thote-se-ka-rifilluar-furnizimi-me-uje","status":"publish","type":"post","link":"https:\/\/radiostargjilan.com\/web\/pas-sulmit-ne-kanalin-e-iber-lepencit-rizvanolli-thote-se-ka-rifilluar-furnizimi-me-uje\/","title":{"rendered":"Pas sulmit n\u00eb kanalin e Ib\u00ebr-Lepencit, Rizvanolli thot\u00eb se ka rifilluar furnizimi me uj\u00eb"},"content":{"rendered":"<p>Ministrja e Ekonomis\u00eb, Artane Rizvanolli ka b\u00ebr\u00eb t\u00eb ditur se ka filluar furnizimi me uj\u00eb n\u00eb komunat e Mitrovic\u00ebs s\u00eb jugut, veriut dhe Zve\u00e7anit.<\/p>\n<p>Pas sulmit me eksploziv q\u00eb ndodhi n\u00eb kanalin e Ib\u00ebr-Lepencit, Rizvanolli ka th\u00ebn\u00eb se furnizimi me uj\u00eb \u00ebsht\u00eb duke u kthyer n\u00eb normalitet.<\/p>\n<p>\u201cFurnizimi me uj\u00eb p\u00ebr zonat e prekura nga sulmi terrorist n\u00eb kanal t\u00eb Ilb\u00ebr Lepencit po kthehet n\u00eb normalitet! Mbr\u00ebm\u00eb n\u00eb or\u00ebt e vona ka filluar furnizimi me uj\u00eb n\u00eb komunat e Mitrovic\u00ebs s\u00eb Jugut, Mitrovic\u00ebs s\u00eb Veriut dhe Zve\u00e7anit\u201d, ka shkruar ministrja.<\/p>\n<p>Ajo ka shtuar se shum\u00eb shpejt pritet t\u00eb normalizohet furnizim edhe p\u00ebr qytetar\u00ebt e Drenasit, Fush\u00eb Kosov\u00ebs dhe Obiliqit.<\/p>\n<p>\u201cSot, uji tashm\u00eb \u00ebsht\u00eb l\u00ebshuar p\u00ebr n\u00eb fabrikat e ujit t\u00eb Drenasit dhe Shkabajt p\u00ebr trajtim dhe ka filluar furnizimi i rregullt i qytetar\u00ebve n\u00eb Skenderaj. Brenda pak or\u00ebsh pritet t\u00eb normalizohet furnizimi p\u00ebr qytetar\u00ebt e Drenasit, Fush\u00eb Kosov\u00ebs dhe Obiliqit\u201d, ka shkruar Rizvanolli. <\/p>\n","protected":false},"excerpt":{"rendered":"<p>Ministrja e Ekonomis\u00eb, Artane Rizvanolli ka b\u00ebr\u00eb t\u00eb ditur se ka filluar furnizimi me uj\u00eb n\u00eb komunat e Mitrovic\u00ebs s\u00eb jugut, veriut dhe Zve\u00e7anit. Pas sulmit me eksploziv q\u00eb ndodhi n\u00eb kanalin e Ib\u00ebr-Lepencit, Rizvanolli ka th\u00ebn\u00eb se furnizimi me uj\u00eb \u00ebsht\u00eb duke u kthyer n\u00eb normalitet. \u201cFurnizimi me uj\u00eb p\u00ebr zonat e prekura nga [&hellip;]<\/p>\n","protected":false},"author":1,"featured_media":186605,"comment_status":"closed","ping_status":"closed","sticky":false,"template":"","format":"standard","meta":{"footnotes":""},"categories":[5],"tags":[],"class_list":{"0":"post-186604","1":"post","2":"type-post","3":"status-publish","4":"format-standard","5":"has-post-thumbnail","7":"category-lajme"},"_links":{"self":[{"href":"https:\/\/radiostargjilan.com\/web\/wp-json\/wp\/v2\/posts\/186604","targetHints":{"allow":["GET"]}}],"collection":[{"href":"https:\/\/radiostargjilan.com\/web\/wp-json\/wp\/v2\/posts"}],"about":[{"href":"https:\/\/radiostargjilan.com\/web\/wp-json\/wp\/v2\/types\/post"}],"author":[{"embeddable":true,"href":"https:\/\/radiostargjilan.com\/web\/wp-json\/wp\/v2\/users\/1"}],"replies":[{"embeddable":true,"href":"https:\/\/radiostargjilan.com\/web\/wp-json\/wp\/v2\/comments?post=186604"}],"version-history":[{"count":0,"href":"https:\/\/radiostargjilan.com\/web\/wp-json\/wp\/v2\/posts\/186604\/revisions"}],"wp:featuredmedia":[{"embeddable":true,"href":"https:\/\/radiostargjilan.com\/web\/wp-json\/wp\/v2\/media\/186605"}],"wp:attachment":[{"href":"https:\/\/radiostargjilan.com\/web\/wp-json\/wp\/v2\/media?parent=186604"}],"wp:term":[{"taxonomy":"category","embeddable":true,"href":"https:\/\/radiostargjilan.com\/web\/wp-json\/wp\/v2\/categories?post=186604"},{"taxonomy":"post_tag","embeddable":true,"href":"https:\/\/radiostargjilan.com\/web\/wp-json\/wp\/v2\/tags?post=186604"}],"curies":[{"name":"wp","href":"https:\/\/api.w.org\/{rel}","templated":true}]}}