{"id":186611,"date":"2024-12-01T12:01:14","date_gmt":"2024-12-01T11:01:14","guid":{"rendered":"https:\/\/radiostargjilan.com\/web\/?p=186611"},"modified":"2024-12-01T12:01:14","modified_gmt":"2024-12-01T11:01:14","slug":"vucic-flet-pas-sulmit-ne-kanalin-iber-lepenc-kemi-njohuri-se-kush-mund-te-jete-kryeresi","status":"publish","type":"post","link":"https:\/\/radiostargjilan.com\/web\/vucic-flet-pas-sulmit-ne-kanalin-iber-lepenc-kemi-njohuri-se-kush-mund-te-jete-kryeresi\/","title":{"rendered":"Vu\u00e7i\u00e7 flet pas sulmit n\u00eb kanalin Ib\u00ebr-Lepenc: Kemi njohuri se kush mund t\u00eb jet\u00eb kryer\u00ebsi"},"content":{"rendered":"<p>Presidenti i Serbis\u00eb, Aleksandar Vu\u00e7i\u00e7, tha t\u00eb diel\u00ebn se autoritetet serbe po zhvillojn\u00eb nj\u00eb hetim p\u00ebr nj\u00eb shp\u00ebrthim ndaj nj\u00eb kanali t\u00eb Ib\u00ebr-Lepencit n\u00eb veri t\u00eb Kosov\u00ebs, duke i hedhur posht\u00eb p\u00ebrs\u00ebri akuzat e autoriteteve kosovare se Beogradi ka gisht n\u00eb sulmin ndaj infrastruktur\u00ebs jetike kosovare.<\/p>\n<p>\u201cP\u00ebrve\u00e7 q\u00eb nuk kemi asnj\u00eb lidhje me k\u00ebt\u00eb, ne kemi qen\u00eb aq t\u00eb drejt\u00eb dhe, si nj\u00eb shtet serioz, nuk jemi marr\u00eb me akuza dhe nuk kemi th\u00ebn\u00eb se ai sulm \u00ebsht\u00eb urdh\u00ebruar drejtp\u00ebrdrejt nga Kurti\u201d, tha Vu\u00e7i\u00e7 duke iu referuar kryeministrit t\u00eb Kosov\u00ebs, Albin Kurtit, i cili e akuzoi Serbin\u00eb p\u00ebr \u201cdirigjimin\u201d e k\u00ebtij sulmi \u201cterrorist dhe kriminal\u201d.<\/p>\n<p>Ai tha se hetimet do ta zbardhin t\u00eb v\u00ebrtet\u00ebn, sepse \u201cedhe ne po zhvillojm\u00eb hetimin ton\u00eb\u201d.<\/p>\n<p>\u201cKemi disa dyshime t\u00eb caktuara, por hetimi do t\u00eb tregoj\u00eb se kush e ka urdh\u00ebruar. Mendoj se kemi disa njohuri p\u00ebr at\u00eb se kush mund t\u00eb jet\u00eb kryer\u00ebsi\u201d, tha Vu\u00e7i\u00e7.<\/p>\n<p>Sipas tij, ka pasur tentativ\u00eb p\u00ebr sulm hibrid ndaj vendit t\u00eb tij.<\/p>\n<p>Shp\u00ebrthimi mbr\u00ebmjen e s\u00eb premtes i shkaktoi d\u00ebme t\u00eb konsiderueshme kanalit t\u00eb ujit t\u00eb Ib\u00ebr-Lepencit n\u00eb fshatin Varrag\u00eb t\u00eb komun\u00ebs s\u00eb Zubin Potokut, duke rritur frik\u00ebn se shum\u00eb pjes\u00eb t\u00eb vendit do t\u00eb mbeteshin pa uj\u00eb dhe rrym\u00eb.<\/p>\n","protected":false},"excerpt":{"rendered":"<p>Presidenti i Serbis\u00eb, Aleksandar Vu\u00e7i\u00e7, tha t\u00eb diel\u00ebn se autoritetet serbe po zhvillojn\u00eb nj\u00eb hetim p\u00ebr nj\u00eb shp\u00ebrthim ndaj nj\u00eb kanali t\u00eb Ib\u00ebr-Lepencit n\u00eb veri t\u00eb Kosov\u00ebs, duke i hedhur posht\u00eb p\u00ebrs\u00ebri akuzat e autoriteteve kosovare se Beogradi ka gisht n\u00eb sulmin ndaj infrastruktur\u00ebs jetike kosovare. \u201cP\u00ebrve\u00e7 q\u00eb nuk kemi asnj\u00eb lidhje me k\u00ebt\u00eb, ne [&hellip;]<\/p>\n","protected":false},"author":1,"featured_media":186612,"comment_status":"closed","ping_status":"closed","sticky":false,"template":"","format":"standard","meta":{"footnotes":""},"categories":[5],"tags":[],"class_list":{"0":"post-186611","1":"post","2":"type-post","3":"status-publish","4":"format-standard","5":"has-post-thumbnail","7":"category-lajme"},"_links":{"self":[{"href":"https:\/\/radiostargjilan.com\/web\/wp-json\/wp\/v2\/posts\/186611","targetHints":{"allow":["GET"]}}],"collection":[{"href":"https:\/\/radiostargjilan.com\/web\/wp-json\/wp\/v2\/posts"}],"about":[{"href":"https:\/\/radiostargjilan.com\/web\/wp-json\/wp\/v2\/types\/post"}],"author":[{"embeddable":true,"href":"https:\/\/radiostargjilan.com\/web\/wp-json\/wp\/v2\/users\/1"}],"replies":[{"embeddable":true,"href":"https:\/\/radiostargjilan.com\/web\/wp-json\/wp\/v2\/comments?post=186611"}],"version-history":[{"count":0,"href":"https:\/\/radiostargjilan.com\/web\/wp-json\/wp\/v2\/posts\/186611\/revisions"}],"wp:featuredmedia":[{"embeddable":true,"href":"https:\/\/radiostargjilan.com\/web\/wp-json\/wp\/v2\/media\/186612"}],"wp:attachment":[{"href":"https:\/\/radiostargjilan.com\/web\/wp-json\/wp\/v2\/media?parent=186611"}],"wp:term":[{"taxonomy":"category","embeddable":true,"href":"https:\/\/radiostargjilan.com\/web\/wp-json\/wp\/v2\/categories?post=186611"},{"taxonomy":"post_tag","embeddable":true,"href":"https:\/\/radiostargjilan.com\/web\/wp-json\/wp\/v2\/tags?post=186611"}],"curies":[{"name":"wp","href":"https:\/\/api.w.org\/{rel}","templated":true}]}}