{"id":186671,"date":"2024-12-01T18:39:56","date_gmt":"2024-12-01T17:39:56","guid":{"rendered":"https:\/\/radiostargjilan.com\/web\/?p=186671"},"modified":"2024-12-01T18:44:00","modified_gmt":"2024-12-01T17:44:00","slug":"sulmi-ne-iber-lepenc-kurti-po-ta-arrinte-qellimin-pasojat-do-te-ishin-te-renda","status":"publish","type":"post","link":"https:\/\/radiostargjilan.com\/web\/sulmi-ne-iber-lepenc-kurti-po-ta-arrinte-qellimin-pasojat-do-te-ishin-te-renda\/","title":{"rendered":"Sulmi n\u00eb Ib\u00ebr-Lepenc, Kurti: Po ta arrinte q\u00ebllimin, pasojat do t\u00eb ishin t\u00eb r\u00ebnda"},"content":{"rendered":"<p>Kryeministri Albin Kurti, n\u00eb konferenc\u00ebn e thirrur p\u00ebr media, tha se sulmi terrorist i 29 n\u00ebntorit n\u00eb Zubin Potok, kishe synim shkaktimin e d\u00ebmeve t\u00eb pariparueshme n\u00eb infrastruktur\u00ebn kritike t\u00eb Kosov\u00ebs.<\/p>\n<p>Kurti thot\u00eb se lidhur me k\u00ebt\u00eb sulm, jan\u00eb marr nj\u00eb s\u00ebr\u00eb masash p\u00ebr t\u00eb identifikuar dhe mbajtur p\u00ebrgjegj\u00ebs autor\u00ebt e sulmit, si dhe p\u00ebr t\u00eb evituar \u00e7rregullimet e furnizimit me sh\u00ebrbimet baz\u00eb p\u00ebr qytetar\u00ebt e Kosov\u00ebs.<\/p>\n<p>\u201cP\u00ebrgjat\u00eb dy dit\u00ebve t\u00eb fundit kemi nd\u00ebrmarr\u00eb nj\u00eb s\u00ebr\u00eb masash p\u00ebr t\u00eb identifikuar dhe mbajtur p\u00ebrgjegj\u00ebs kryer\u00ebsit e sulmit terrorist e kriminal n\u00eb nj\u00ebr\u00ebn an\u00eb, dhe p\u00ebr t\u00eb minimizuar d\u00ebmin n\u00eb infrastruktur\u00eb, e p\u00ebr t\u00eb evidentuar e evituar \u00e7rregullimin e furnizimit me sh\u00ebrbime baz\u00eb p\u00ebr qytetar\u00ebt e Kosov\u00ebs n\u00eb an\u00ebn tjet\u00ebr\u201d, tha Kurti.<\/p>\n<p>\u201cPesha e pasojave t\u00eb k\u00ebtij sulmi po t\u00eb arrinte q\u00ebllimin e tij do t\u00eb ishte marramend\u00ebs. Ky sulm kishte p\u00ebr q\u00ebllim t\u00eb shkaktonte d\u00ebme t\u00eb pariparueshme n\u00eb infrastruktur\u00ebn kritike t\u00eb Kosov\u00ebs, duke v\u00ebn\u00eb n\u00eb rrezik sigurin\u00eb komb\u00ebtare, dhe duke \u00e7\u2019rregulluar jet\u00ebn e t\u00eb gjith\u00eb qytetar\u00ebv et\u00eb vendit ton\u00eb\u201d.<\/p>\n<p>Tutje, shefi i ekzekutivit tregoi dhe pasojat n\u00ebse ky sulm do t\u00eb realizohej me sukses.<\/p>\n<p>\u201cPo t\u00eb arrihej q\u00ebllimi, ky sulm terrorist do t\u00eb shkaktonte potencialisht p\u00ebr jav\u00eb t\u00eb t\u00ebra nd\u00ebrprerje t\u00eb energjis\u00eb nga Termocentrali Kosova B, duke l\u00ebn\u00eb pa energji elektrike mbi gjysm\u00ebn e popullat\u00ebs t\u00eb Kosov\u00ebs, dh epa ngrohje 130 mij\u00eb qytetar\u00eb t\u00eb Prishtin\u00ebs. M\u00eb tej do t\u00eb kishim nd\u00ebrprerje t\u00eb furnizimit t\u00eb fabrikave t\u00eb ujit n\u00eb Shkabaj, Drenas, Shipol dhe Balinc\u00eb, duke l\u00ebn\u00eb pa uj\u00eb mbi 300 mij\u00eb qytetar\u00eb t\u00eb Mitrovic\u00ebs s\u00eb Jugut, Skenderajt, Vushtrris\u00eb, Mitrovic\u00ebs s\u00eb Veriut, Zve\u00e7anit, Drenasit, Fush\u00eb Kosov\u00ebs dhe Obiliqit, e duke rrezikuar furnizimin p\u00ebr mbi 300 mij\u00eb t\u00eb tjer\u00eb n\u00eb Prishtin\u00eb\u201d, tha Kurti.<\/p>\n<p>\u201cDhe tjetra, p\u00ebr jav\u00eb t\u00eb tjera, potencialisht do t\u00eb ngeleshim pa energji elektrike, e k\u00ebsisoj do t\u00eb rrezikoheshin edhe sh\u00ebrbime t\u00eb tjera kritike, q\u00eb varen nga energjia elektrike, sikurse telekomunikimet\u201d.<\/p>\n","protected":false},"excerpt":{"rendered":"<p>Kryeministri Albin Kurti, n\u00eb konferenc\u00ebn e thirrur p\u00ebr media, tha se sulmi terrorist i 29 n\u00ebntorit n\u00eb Zubin Potok, kishe synim shkaktimin e d\u00ebmeve t\u00eb pariparueshme n\u00eb infrastruktur\u00ebn kritike t\u00eb Kosov\u00ebs. Kurti thot\u00eb se lidhur me k\u00ebt\u00eb sulm, jan\u00eb marr nj\u00eb s\u00ebr\u00eb masash p\u00ebr t\u00eb identifikuar dhe mbajtur p\u00ebrgjegj\u00ebs autor\u00ebt e sulmit, si dhe p\u00ebr [&hellip;]<\/p>\n","protected":false},"author":1,"featured_media":186672,"comment_status":"closed","ping_status":"closed","sticky":false,"template":"","format":"standard","meta":{"footnotes":""},"categories":[5],"tags":[],"class_list":{"0":"post-186671","1":"post","2":"type-post","3":"status-publish","4":"format-standard","5":"has-post-thumbnail","7":"category-lajme"},"_links":{"self":[{"href":"https:\/\/radiostargjilan.com\/web\/wp-json\/wp\/v2\/posts\/186671","targetHints":{"allow":["GET"]}}],"collection":[{"href":"https:\/\/radiostargjilan.com\/web\/wp-json\/wp\/v2\/posts"}],"about":[{"href":"https:\/\/radiostargjilan.com\/web\/wp-json\/wp\/v2\/types\/post"}],"author":[{"embeddable":true,"href":"https:\/\/radiostargjilan.com\/web\/wp-json\/wp\/v2\/users\/1"}],"replies":[{"embeddable":true,"href":"https:\/\/radiostargjilan.com\/web\/wp-json\/wp\/v2\/comments?post=186671"}],"version-history":[{"count":0,"href":"https:\/\/radiostargjilan.com\/web\/wp-json\/wp\/v2\/posts\/186671\/revisions"}],"wp:featuredmedia":[{"embeddable":true,"href":"https:\/\/radiostargjilan.com\/web\/wp-json\/wp\/v2\/media\/186672"}],"wp:attachment":[{"href":"https:\/\/radiostargjilan.com\/web\/wp-json\/wp\/v2\/media?parent=186671"}],"wp:term":[{"taxonomy":"category","embeddable":true,"href":"https:\/\/radiostargjilan.com\/web\/wp-json\/wp\/v2\/categories?post=186671"},{"taxonomy":"post_tag","embeddable":true,"href":"https:\/\/radiostargjilan.com\/web\/wp-json\/wp\/v2\/tags?post=186671"}],"curies":[{"name":"wp","href":"https:\/\/api.w.org\/{rel}","templated":true}]}}