{"id":187461,"date":"2024-12-09T22:30:48","date_gmt":"2024-12-09T21:30:48","guid":{"rendered":"https:\/\/radiostargjilan.com\/web\/?p=187461"},"modified":"2024-12-09T22:30:48","modified_gmt":"2024-12-09T21:30:48","slug":"rritet-per-108-numri-i-azilkerkuesve-nga-kosova-ne-vendet-e-be-se","status":"publish","type":"post","link":"https:\/\/radiostargjilan.com\/web\/rritet-per-108-numri-i-azilkerkuesve-nga-kosova-ne-vendet-e-be-se\/","title":{"rendered":"Rritet p\u00ebr 108 % numri i azilk\u00ebrkuesve nga Kosova n\u00eb vendet e BE-s\u00eb"},"content":{"rendered":"<p>Nj\u00eb raport i Komisionit Evropian konstaton se n\u00eb vitin 2024 \u00ebsht\u00eb rritur numri i k\u00ebrkesave t\u00eb pabaza  t\u00eb shtetasve t\u00eb Kosov\u00ebs p\u00ebr t\u00eb azil n\u00eb vende n\u00eb shtetet an\u00ebtare.<\/p>\n<p>Sipas raportit jan\u00eb 3.905 k\u00ebrkesa q\u00eb jan\u00eb paraqitur p\u00ebr azil gjat\u00eb shtat\u00eb muajve t\u00eb par\u00eb t\u00eb vitit 2024.<\/p>\n<p>Kjo n\u00ebnkupton 108% m\u00eb shum\u00eb krahasuar me periudh\u00ebn e nj\u00ebjt\u00eb t\u00eb vitit 2023.<\/p>\n<p>Si pjes\u00eb e iniciativave t\u00eb nd\u00ebrmarra p\u00ebr t\u00eb adresuar k\u00ebt\u00eb \u00e7\u00ebshtje, Kosova dhe grupi lokal i bashk\u00ebpunimit Shengen kan\u00eb iniciuar diskutime p\u00ebr t\u00eb krijuar nj\u00eb mekaniz\u00ebm t\u00eb shk\u00ebmbimit t\u00eb informacionit nd\u00ebrmjet autoriteteve t\u00eb Shteteve An\u00ebtare (p\u00ebrfshir\u00eb misionet diplomatike lokale) dhe autoriteteve t\u00eb Kosov\u00ebs me q\u00ebllim t\u00eb monitorimit t\u00eb tendencave t\u00eb migrimit t\u00eb parregullt dhe azilit.<\/p>\n<p>Ka shtete t\u00eb Bashkimit Evropian q\u00eb kan\u00eb shprehur shqet\u00ebsim p\u00ebr indikacionet q\u00eb \u201ckosovar\u00ebt po keqp\u00ebrdorin liberalizimin e vizave\u201d.<\/p>\n<p>Si\u00e7 thuhet n\u00eb raport kjo nism\u00eb p\u00ebrfshin gjithashtu rindezjen e fushat\u00ebs s\u00eb komunikimit t\u00eb brendsh\u00ebm t\u00eb Kosov\u00ebs p\u00ebr t\u00eb informuar rreth t\u00eb drejtave dhe detyrimeve q\u00eb aplikohen p\u00ebr t\u00eb udh\u00ebtuar n\u00eb zon\u00ebn Shengen dhe Kosova duke u angazhuar n\u00eb m\u00ebnyr\u00eb bilaterale me shtetet an\u00ebtare m\u00eb t\u00eb prekura t\u00eb BE-s\u00eb.<\/p>\n<p>Vizat p\u00ebr kosovar\u00ebt u liberalizuan n\u00eb janar t\u00eb vitit 2024, gj\u00eb q\u00eb n\u00ebnkupton q\u00eb shfryt\u00ebzimi i k\u00ebsaj t\u00eb drejte nuk n\u00ebnkupton edhe t\u00eb punosh n\u00eb Zon\u00ebn Schengen.<\/p>\n<p>Kosova kishte kaluar n\u00eb nj\u00eb proces t\u00eb gjat\u00eb t\u00eb liberalizmit t\u00eb vizave.<\/p>\n","protected":false},"excerpt":{"rendered":"<p>Nj\u00eb raport i Komisionit Evropian konstaton se n\u00eb vitin 2024 \u00ebsht\u00eb rritur numri i k\u00ebrkesave t\u00eb pabaza t\u00eb shtetasve t\u00eb Kosov\u00ebs p\u00ebr t\u00eb azil n\u00eb vende n\u00eb shtetet an\u00ebtare. Sipas raportit jan\u00eb 3.905 k\u00ebrkesa q\u00eb jan\u00eb paraqitur p\u00ebr azil gjat\u00eb shtat\u00eb muajve t\u00eb par\u00eb t\u00eb vitit 2024. Kjo n\u00ebnkupton 108% m\u00eb shum\u00eb krahasuar me periudh\u00ebn [&hellip;]<\/p>\n","protected":false},"author":1,"featured_media":187463,"comment_status":"closed","ping_status":"closed","sticky":false,"template":"","format":"standard","meta":{"footnotes":""},"categories":[5],"tags":[],"class_list":{"0":"post-187461","1":"post","2":"type-post","3":"status-publish","4":"format-standard","5":"has-post-thumbnail","7":"category-lajme"},"_links":{"self":[{"href":"https:\/\/radiostargjilan.com\/web\/wp-json\/wp\/v2\/posts\/187461","targetHints":{"allow":["GET"]}}],"collection":[{"href":"https:\/\/radiostargjilan.com\/web\/wp-json\/wp\/v2\/posts"}],"about":[{"href":"https:\/\/radiostargjilan.com\/web\/wp-json\/wp\/v2\/types\/post"}],"author":[{"embeddable":true,"href":"https:\/\/radiostargjilan.com\/web\/wp-json\/wp\/v2\/users\/1"}],"replies":[{"embeddable":true,"href":"https:\/\/radiostargjilan.com\/web\/wp-json\/wp\/v2\/comments?post=187461"}],"version-history":[{"count":0,"href":"https:\/\/radiostargjilan.com\/web\/wp-json\/wp\/v2\/posts\/187461\/revisions"}],"wp:featuredmedia":[{"embeddable":true,"href":"https:\/\/radiostargjilan.com\/web\/wp-json\/wp\/v2\/media\/187463"}],"wp:attachment":[{"href":"https:\/\/radiostargjilan.com\/web\/wp-json\/wp\/v2\/media?parent=187461"}],"wp:term":[{"taxonomy":"category","embeddable":true,"href":"https:\/\/radiostargjilan.com\/web\/wp-json\/wp\/v2\/categories?post=187461"},{"taxonomy":"post_tag","embeddable":true,"href":"https:\/\/radiostargjilan.com\/web\/wp-json\/wp\/v2\/tags?post=187461"}],"curies":[{"name":"wp","href":"https:\/\/api.w.org\/{rel}","templated":true}]}}