{"id":187514,"date":"2024-12-10T10:50:53","date_gmt":"2024-12-10T09:50:53","guid":{"rendered":"https:\/\/radiostargjilan.com\/web\/?p=187514"},"modified":"2024-12-10T10:50:53","modified_gmt":"2024-12-10T09:50:53","slug":"me-17-dhjetor-takohen-kryenegociatoret-e-kosoves-dhe-serbise","status":"publish","type":"post","link":"https:\/\/radiostargjilan.com\/web\/me-17-dhjetor-takohen-kryenegociatoret-e-kosoves-dhe-serbise\/","title":{"rendered":"Me 17 dhjetor takohen kryenegociator\u00ebt e Kosov\u00ebs dhe Serbis\u00eb"},"content":{"rendered":"<p>Takimi i radh\u00ebs i kryenegociator\u00ebve t\u00eb Kosov\u00ebs dhe Serbis\u00eb, n\u00eb kuad\u00ebr t\u00eb dialogut mbi normalizimin e marr\u00ebdh\u00ebnieve do mbahet m\u00eb 17 dhjetor, ka konfirmuar z\u00ebdh\u00ebn\u00ebsja e Bashkimit Evropian Anitta Hipper.<\/p>\n<p>\u201cPal\u00ebt kan\u00eb konfirmuar pjes\u00ebmarrjen e tyre dhe do t\u00eb shqyrtojn\u00eb nj\u00eb s\u00ebr\u00eb \u00e7\u00ebshtjesh, duke p\u00ebrfshir\u00eb zbatimin e Marr\u00ebveshjes p\u00ebr rrug\u00ebn drejt normalizimit\u201d, ka deklaruar Hipper.<\/p>\n<p>Do jet\u00eb ky takimi i fundit p\u00ebr k\u00ebt\u00eb vit i kryenegociator\u00ebve, Besnik Bislimin dhe Petar Petkoviqin. Gjithashtu do jet\u00eb ky nd\u00ebr takimet e fundit q\u00eb do i organizoj emisari evropian p\u00ebr dialog Miroslav Laj\u00e7ak, meq\u00eb mandate atij i skadon n\u00eb fund t\u00eb muajit janar.<\/p>\n<p>Akoma nuk \u00ebsht\u00eb e qart\u00eb kush do e trash\u00ebgoj Laj\u00e7akun dhe n\u00ebse BE do ket\u00eb emisar tjet\u00ebr p\u00ebr dialog.<\/p>\n<p>Gjith\u00e7ka do varet nga qasja e shefes s\u00eb re t\u00eb diplomacis\u00eb evropiane Kaja Kallas e cila mori postin m\u00eb 1 dhjetor dhe do menaxhoj edhe procesin e dialogut p\u00ebr normalizimin e marr\u00ebdh\u00ebnieve mes Kosov\u00ebs e Serbis\u00eb.<\/p>\n","protected":false},"excerpt":{"rendered":"<p>Takimi i radh\u00ebs i kryenegociator\u00ebve t\u00eb Kosov\u00ebs dhe Serbis\u00eb, n\u00eb kuad\u00ebr t\u00eb dialogut mbi normalizimin e marr\u00ebdh\u00ebnieve do mbahet m\u00eb 17 dhjetor, ka konfirmuar z\u00ebdh\u00ebn\u00ebsja e Bashkimit Evropian Anitta Hipper. \u201cPal\u00ebt kan\u00eb konfirmuar pjes\u00ebmarrjen e tyre dhe do t\u00eb shqyrtojn\u00eb nj\u00eb s\u00ebr\u00eb \u00e7\u00ebshtjesh, duke p\u00ebrfshir\u00eb zbatimin e Marr\u00ebveshjes p\u00ebr rrug\u00ebn drejt normalizimit\u201d, ka deklaruar Hipper. [&hellip;]<\/p>\n","protected":false},"author":1,"featured_media":187515,"comment_status":"closed","ping_status":"closed","sticky":false,"template":"","format":"standard","meta":{"footnotes":""},"categories":[5],"tags":[],"class_list":{"0":"post-187514","1":"post","2":"type-post","3":"status-publish","4":"format-standard","5":"has-post-thumbnail","7":"category-lajme"},"_links":{"self":[{"href":"https:\/\/radiostargjilan.com\/web\/wp-json\/wp\/v2\/posts\/187514","targetHints":{"allow":["GET"]}}],"collection":[{"href":"https:\/\/radiostargjilan.com\/web\/wp-json\/wp\/v2\/posts"}],"about":[{"href":"https:\/\/radiostargjilan.com\/web\/wp-json\/wp\/v2\/types\/post"}],"author":[{"embeddable":true,"href":"https:\/\/radiostargjilan.com\/web\/wp-json\/wp\/v2\/users\/1"}],"replies":[{"embeddable":true,"href":"https:\/\/radiostargjilan.com\/web\/wp-json\/wp\/v2\/comments?post=187514"}],"version-history":[{"count":0,"href":"https:\/\/radiostargjilan.com\/web\/wp-json\/wp\/v2\/posts\/187514\/revisions"}],"wp:featuredmedia":[{"embeddable":true,"href":"https:\/\/radiostargjilan.com\/web\/wp-json\/wp\/v2\/media\/187515"}],"wp:attachment":[{"href":"https:\/\/radiostargjilan.com\/web\/wp-json\/wp\/v2\/media?parent=187514"}],"wp:term":[{"taxonomy":"category","embeddable":true,"href":"https:\/\/radiostargjilan.com\/web\/wp-json\/wp\/v2\/categories?post=187514"},{"taxonomy":"post_tag","embeddable":true,"href":"https:\/\/radiostargjilan.com\/web\/wp-json\/wp\/v2\/tags?post=187514"}],"curies":[{"name":"wp","href":"https:\/\/api.w.org\/{rel}","templated":true}]}}