{"id":188383,"date":"2024-12-17T14:18:17","date_gmt":"2024-12-17T13:18:17","guid":{"rendered":"https:\/\/radiostargjilan.com\/web\/?p=188383"},"modified":"2024-12-17T14:18:17","modified_gmt":"2024-12-17T13:18:17","slug":"maqedonci-kosova-do-te-prodhoje-arme-edhe-per-eksport","status":"publish","type":"post","link":"https:\/\/radiostargjilan.com\/web\/maqedonci-kosova-do-te-prodhoje-arme-edhe-per-eksport\/","title":{"rendered":"Maqedonci: Kosova do t\u00eb prodhoj\u00eb arm\u00eb edhe p\u00ebr eksport"},"content":{"rendered":"<p>ajme<\/p>\n<p>Politiko<\/p>\n<p>Kronika e Zeze<\/p>\n<p>Gjykimi Special<\/p>\n<p>Sport<\/p>\n<p>10+<\/p>\n<p>Lajme<br \/>\nMaqedonci: Kosova do t\u00eb prodhoj\u00eb arm\u00eb edhe p\u00ebr eksport<\/p>\n<p>Gazeta10<br \/>\n17 Dhjetor 2024 &#8211; 13:14<\/p>\n<p>Ministri i Mbrojtjes s\u00eb Kosov\u00ebs, Ejup Maqedonci ka dh\u00ebn\u00eb disa detaje rreth marr\u00ebveshjes s\u00eb n\u00ebnshkruar me Turqin\u00eb, ku qeveria n\u00ebnshkroi t\u00eb h\u00ebn\u00ebn nj\u00eb marr\u00ebveshje me prodhuesin shtet\u00ebror turk t\u00eb industris\u00eb s\u00eb mbrojtjes, Makine ve Kimya End\u00fcstrisi, p\u00ebr themelimin e nj\u00eb fabrike t\u00eb municioneve n\u00eb Kosov\u00eb.<\/p>\n<p>Maqedonci tha se fokusi i marr\u00ebveshjes ka qen\u00eb fabrika e municionit, sipas tij kjo do t\u00eb b\u00ebhet me financim nga qeveria e Kosov\u00ebs, nd\u00ebrsa pajisjet do t\u00eb sigurohen nga shteti turk.<\/p>\n<p>\u201cNe kemi n\u00ebnshkruar kontrat\u00ebn dhe pas n\u00ebnshkrimit fillon edhe puna p\u00ebr funksionalizimin e k\u00ebsaj fabrike. Do t\u00eb jet\u00eb nj\u00eb nd\u00ebrmarrje publike q\u00eb do t\u00eb menaxhoj\u00eb komplet fabrik\u00ebn dhe q\u00ebllim kryesor do t\u00eb ket\u00eb prodhimin e municione 5.56 dhe 7.62, municione k\u00ebto q\u00eb p\u00ebrdoren nga nj\u00ebsit\u00eb e hetues\u00ebris\u00eb dhe nj\u00ebsit\u00eb ushtarake dhe q\u00eb jan\u00eb municionet q\u00eb m\u00eb s\u00eb shumti shpenzohen edhe gjat\u00eb operacioneve por edhe gjat\u00eb trajnimeve\u201d, tha Maqedonci p\u00ebr Euronews.<\/p>\n<p>Ai theksoi se prodhimi nuk do t\u00eb b\u00ebhet vet\u00ebm p\u00ebr furnizimin e institucioneve vendore por edhe p\u00ebr eksport.\/Gazeta10<\/p>\n","protected":false},"excerpt":{"rendered":"<p>ajme Politiko Kronika e Zeze Gjykimi Special Sport 10+ Lajme Maqedonci: Kosova do t\u00eb prodhoj\u00eb arm\u00eb edhe p\u00ebr eksport Gazeta10 17 Dhjetor 2024 &#8211; 13:14 Ministri i Mbrojtjes s\u00eb Kosov\u00ebs, Ejup Maqedonci ka dh\u00ebn\u00eb disa detaje rreth marr\u00ebveshjes s\u00eb n\u00ebnshkruar me Turqin\u00eb, ku qeveria n\u00ebnshkroi t\u00eb h\u00ebn\u00ebn nj\u00eb marr\u00ebveshje me prodhuesin shtet\u00ebror turk t\u00eb industris\u00eb [&hellip;]<\/p>\n","protected":false},"author":1,"featured_media":188327,"comment_status":"closed","ping_status":"closed","sticky":false,"template":"","format":"standard","meta":{"footnotes":""},"categories":[5],"tags":[],"class_list":{"0":"post-188383","1":"post","2":"type-post","3":"status-publish","4":"format-standard","5":"has-post-thumbnail","7":"category-lajme"},"_links":{"self":[{"href":"https:\/\/radiostargjilan.com\/web\/wp-json\/wp\/v2\/posts\/188383","targetHints":{"allow":["GET"]}}],"collection":[{"href":"https:\/\/radiostargjilan.com\/web\/wp-json\/wp\/v2\/posts"}],"about":[{"href":"https:\/\/radiostargjilan.com\/web\/wp-json\/wp\/v2\/types\/post"}],"author":[{"embeddable":true,"href":"https:\/\/radiostargjilan.com\/web\/wp-json\/wp\/v2\/users\/1"}],"replies":[{"embeddable":true,"href":"https:\/\/radiostargjilan.com\/web\/wp-json\/wp\/v2\/comments?post=188383"}],"version-history":[{"count":0,"href":"https:\/\/radiostargjilan.com\/web\/wp-json\/wp\/v2\/posts\/188383\/revisions"}],"wp:featuredmedia":[{"embeddable":true,"href":"https:\/\/radiostargjilan.com\/web\/wp-json\/wp\/v2\/media\/188327"}],"wp:attachment":[{"href":"https:\/\/radiostargjilan.com\/web\/wp-json\/wp\/v2\/media?parent=188383"}],"wp:term":[{"taxonomy":"category","embeddable":true,"href":"https:\/\/radiostargjilan.com\/web\/wp-json\/wp\/v2\/categories?post=188383"},{"taxonomy":"post_tag","embeddable":true,"href":"https:\/\/radiostargjilan.com\/web\/wp-json\/wp\/v2\/tags?post=188383"}],"curies":[{"name":"wp","href":"https:\/\/api.w.org\/{rel}","templated":true}]}}