{"id":188460,"date":"2024-12-18T12:04:26","date_gmt":"2024-12-18T11:04:26","guid":{"rendered":"https:\/\/radiostargjilan.com\/web\/?p=188460"},"modified":"2024-12-18T12:04:26","modified_gmt":"2024-12-18T11:04:26","slug":"nenad-rashiq-sia-perkrah-kurtit-themelimin-e-muzeut-per-gjenocid-e-con-doren-dhe-abstenon","status":"publish","type":"post","link":"https:\/\/radiostargjilan.com\/web\/nenad-rashiq-sia-perkrah-kurtit-themelimin-e-muzeut-per-gjenocid-e-con-doren-dhe-abstenon\/","title":{"rendered":"Nenad Rashiq s\u2019ia p\u00ebrkrah Kurtit themelimin e muzeut p\u00ebr gjenocid, e \u00e7on dor\u00ebn dhe abstenon"},"content":{"rendered":"<p>Ministri p\u00ebr Kthim dhe Komunitete, Nenad Rashiq, ka abstenuar sa i p\u00ebrket themelimit t\u00eb muzeut t\u00eb gjenocidit dhe p\u00ebrpjekjes p\u00ebr liri, muze ky q\u00eb do t\u00eb nd\u00ebrtohet nga Ministria e Kultur\u00ebs.<\/p>\n<p>Kurti n\u00eb mbledhje t\u00eb Qeveris\u00eb e ka paraqitur k\u00ebt\u00eb si pik\u00eb t\u00eb par\u00eb t\u00eb rendit t\u00eb dit\u00ebs.<\/p>\n<p>\u201cKemi shqyrtimin e propozim vendimit p\u00ebr themelimin e muzeut t\u00eb gjenocidit dhe p\u00ebrpjekjes p\u00ebr liri\u201d, ka th\u00ebn\u00eb Kurti n\u00eb mbledhje.<\/p>\n<p>Pasi ministri Hajrullah \u00c7eku e ka prezantuar projektin, Kurti e ka hedhur \u00e7\u00ebshtjen p\u00ebr votim.<\/p>\n<p>Kur ka pyetur p\u00ebr abstenim, ka qen\u00eb ministri Nenad Rashiq i vetmi q\u00eb e ka ngritur dor\u00ebn.<\/p>\n","protected":false},"excerpt":{"rendered":"<p>Ministri p\u00ebr Kthim dhe Komunitete, Nenad Rashiq, ka abstenuar sa i p\u00ebrket themelimit t\u00eb muzeut t\u00eb gjenocidit dhe p\u00ebrpjekjes p\u00ebr liri, muze ky q\u00eb do t\u00eb nd\u00ebrtohet nga Ministria e Kultur\u00ebs. Kurti n\u00eb mbledhje t\u00eb Qeveris\u00eb e ka paraqitur k\u00ebt\u00eb si pik\u00eb t\u00eb par\u00eb t\u00eb rendit t\u00eb dit\u00ebs. \u201cKemi shqyrtimin e propozim vendimit p\u00ebr themelimin [&hellip;]<\/p>\n","protected":false},"author":1,"featured_media":188461,"comment_status":"closed","ping_status":"closed","sticky":false,"template":"","format":"standard","meta":{"footnotes":""},"categories":[5],"tags":[],"class_list":{"0":"post-188460","1":"post","2":"type-post","3":"status-publish","4":"format-standard","5":"has-post-thumbnail","7":"category-lajme"},"_links":{"self":[{"href":"https:\/\/radiostargjilan.com\/web\/wp-json\/wp\/v2\/posts\/188460","targetHints":{"allow":["GET"]}}],"collection":[{"href":"https:\/\/radiostargjilan.com\/web\/wp-json\/wp\/v2\/posts"}],"about":[{"href":"https:\/\/radiostargjilan.com\/web\/wp-json\/wp\/v2\/types\/post"}],"author":[{"embeddable":true,"href":"https:\/\/radiostargjilan.com\/web\/wp-json\/wp\/v2\/users\/1"}],"replies":[{"embeddable":true,"href":"https:\/\/radiostargjilan.com\/web\/wp-json\/wp\/v2\/comments?post=188460"}],"version-history":[{"count":0,"href":"https:\/\/radiostargjilan.com\/web\/wp-json\/wp\/v2\/posts\/188460\/revisions"}],"wp:featuredmedia":[{"embeddable":true,"href":"https:\/\/radiostargjilan.com\/web\/wp-json\/wp\/v2\/media\/188461"}],"wp:attachment":[{"href":"https:\/\/radiostargjilan.com\/web\/wp-json\/wp\/v2\/media?parent=188460"}],"wp:term":[{"taxonomy":"category","embeddable":true,"href":"https:\/\/radiostargjilan.com\/web\/wp-json\/wp\/v2\/categories?post=188460"},{"taxonomy":"post_tag","embeddable":true,"href":"https:\/\/radiostargjilan.com\/web\/wp-json\/wp\/v2\/tags?post=188460"}],"curies":[{"name":"wp","href":"https:\/\/api.w.org\/{rel}","templated":true}]}}