{"id":191441,"date":"2025-01-14T22:17:22","date_gmt":"2025-01-14T21:17:22","guid":{"rendered":"https:\/\/radiostargjilan.com\/web\/?p=191441"},"modified":"2025-01-14T22:17:22","modified_gmt":"2025-01-14T21:17:22","slug":"kosova-dhe-shba-ja-pergatisin-marreveshjen-kornize-ne-fushen-e-mbrojtjes","status":"publish","type":"post","link":"https:\/\/radiostargjilan.com\/web\/kosova-dhe-shba-ja-pergatisin-marreveshjen-kornize-ne-fushen-e-mbrojtjes\/","title":{"rendered":"Kosova dhe SHBA-ja p\u00ebrgatisin marr\u00ebveshjen korniz\u00eb n\u00eb fush\u00ebn e mbrojtjes"},"content":{"rendered":"<p>Pas pritjes q\u00eb i \u00ebsht\u00eb b\u00ebr\u00eb n\u00eb Departamentin e Mbrojtjes s\u00eb Shteteve t\u00eb Bashkuara, ministri Ejup Maqedonci ka b\u00ebr\u00eb t\u00eb ditur se \u00ebsht\u00eb diskutuar p\u00ebr realizimin e marr\u00ebveshjes korniz\u00eb n\u00eb fush\u00ebn e mbrojtjes.<\/p>\n<p>Maqedonci, \u00ebsht\u00eb pritur t\u00eb mart\u00ebn n\u00eb Departamentin e Mbrojtjes s\u00eb Shteteve t\u00eb Bashkuara (SHBA) nga ndihm\u00ebssekretari i Mbrojtjes p\u00ebr NATO dhe Evrop\u00eb, Alton Buland. <\/p>\n<p>\u201cMe z. Buland diskutuam ve\u00e7an\u00ebrisht p\u00ebr objektivat e arritura n\u00eb kuadrin e Planit Gjith\u00ebp\u00ebrfshir\u00ebs t\u00eb Tranzicionit t\u00eb FSK-s\u00eb, p\u00ebr rrug\u00ebn q\u00eb na pret p\u00ebrpara gjat\u00eb faz\u00ebs s\u00eb tret\u00eb dhe finale t\u00eb k\u00ebtij plani dhe p\u00ebr realizimin e marr\u00ebveshjes korniz\u00eb nd\u00ebrmjet vendeve tona n\u00eb fush\u00ebn e mbrojtjes\u201d, ka shkruar ministri Maqedonci n\u00eb Facebook.<\/p>\n<p>\u201cGjithashtu bashk\u00eb me gjeneral Jasharin i diskutuam me z. Buland planet e ardhshme p\u00ebr bashk\u00ebzbarkime t\u00eb FSK-s\u00eb me trupat amerikane n\u00eb misionet nd\u00ebrkomb\u00ebtare q\u00eb do t\u00eb realizohen k\u00ebt\u00eb vit, si dhe plane e ide t\u00eb tjera\u201d.<\/p>\n<p>N\u00eb njoftimin p\u00ebr k\u00ebt\u00eb takim, q\u00eb e ka b\u00ebr\u00eb Ministria e Mbrojtjes, theksohet se marr\u00ebveshja korniz\u00eb n\u00eb fush\u00ebn e mbrojtjes \u201cdo t\u00eb hap\u00eb mund\u00ebsi t\u00eb reja n\u00eb fush\u00ebn e siguris\u00eb dhe mbrojtjes\u201d.<\/p>\n<p>Aty jan\u00eb dh\u00ebn\u00eb edhe informacione t\u00eb tjera.<\/p>\n<p>\u201cGjeneral Jashari diskutoi p\u00ebr aktivitetet e shumta bilaterale ushtarake n\u00eb mes t\u00eb dy forcave si dhe p\u00ebr planet konkrete p\u00ebr bashk\u00ebpunim dhe bashk\u00ebzbarkim me Gard\u00ebn Komb\u00ebtare t\u00eb Iowas. Nj\u00eb diskutim tjet\u00ebr i r\u00ebnd\u00ebsish\u00ebm ishin hapat e m\u00ebtutjesh\u00ebm p\u00ebr finalizimin e planit 10-vje\u00e7ar t\u00eb tranzicionit\u201d, thuhet n\u00eb njoftim. \u201cN\u00eb an\u00ebn tjet\u00ebr, z. Buland theksoi r\u00ebnd\u00ebsin\u00eb e partneritetit mes dy vendeve dhe ofroi mb\u00ebshtetjen e Departamentit t\u00eb Mbrojtjes p\u00ebr rrug\u00ebtimin p\u00ebrpara drejt p\u00ebrmbushjes s\u00eb objektivave strategjike\u201d.<\/p>\n<p>Sipas njoftimit, t\u00eb dyja pal\u00ebt jan\u00eb pajtuar q\u00eb bashk\u00ebpunimi bilateral \u00ebsht\u00eb n\u00eb nivel t\u00eb lart\u00eb dhe me hapa konkret\u00eb p\u00ebr zhvillim t\u00eb m\u00ebtutjesh\u00ebm n\u00eb sh\u00ebrbim t\u00eb garantimit t\u00eb interesave t\u00eb siguris\u00eb t\u00eb dy vendeve.<\/p>\n<p>Para k\u00ebtij takimi delegacioni i Kosov\u00ebs ka zhvilluar takim n\u00eb Atlantic Council, ku \u00ebsht\u00eb pritur nga J\u00f6rn Fleck, drejtor senior n\u00eb k\u00ebt\u00eb think-tank, si dhe nga bashk\u00ebpun\u00ebtor\u00ebt e tij. Aty \u00ebsht\u00eb diskutuar rreth situat\u00ebs globale t\u00eb siguris\u00eb, sulmeve terroriste n\u00eb veri, situat\u00ebs s\u00eb siguris\u00eb n\u00eb Kosov\u00eb dhe influenc\u00ebs e bashk\u00ebpunimit Rusi-Serbi n\u00eb sh\u00ebrbim t\u00eb destabilizimit t\u00eb rajonit.<\/p>\n<p>N\u00eb njoftim \u00ebsht\u00eb th\u00ebn\u00eb se ministri Maqedonci konfirmoi angazhimin institucional t\u00eb Kosov\u00ebs p\u00ebr integrim n\u00eb NATO dhe BE dhe thellimin e m\u00ebtejm\u00eb t\u00eb bashk\u00ebpunimit mes Kosov\u00ebs dhe SHBA-s\u00eb n\u00eb fush\u00ebn e mbrojtjes dhe t\u00eb siguris\u00eb.<\/p>\n","protected":false},"excerpt":{"rendered":"<p>Pas pritjes q\u00eb i \u00ebsht\u00eb b\u00ebr\u00eb n\u00eb Departamentin e Mbrojtjes s\u00eb Shteteve t\u00eb Bashkuara, ministri Ejup Maqedonci ka b\u00ebr\u00eb t\u00eb ditur se \u00ebsht\u00eb diskutuar p\u00ebr realizimin e marr\u00ebveshjes korniz\u00eb n\u00eb fush\u00ebn e mbrojtjes. Maqedonci, \u00ebsht\u00eb pritur t\u00eb mart\u00ebn n\u00eb Departamentin e Mbrojtjes s\u00eb Shteteve t\u00eb Bashkuara (SHBA) nga ndihm\u00ebssekretari i Mbrojtjes p\u00ebr NATO dhe Evrop\u00eb, [&hellip;]<\/p>\n","protected":false},"author":1,"featured_media":191444,"comment_status":"closed","ping_status":"closed","sticky":false,"template":"","format":"standard","meta":{"footnotes":""},"categories":[5],"tags":[],"class_list":{"0":"post-191441","1":"post","2":"type-post","3":"status-publish","4":"format-standard","5":"has-post-thumbnail","7":"category-lajme"},"_links":{"self":[{"href":"https:\/\/radiostargjilan.com\/web\/wp-json\/wp\/v2\/posts\/191441","targetHints":{"allow":["GET"]}}],"collection":[{"href":"https:\/\/radiostargjilan.com\/web\/wp-json\/wp\/v2\/posts"}],"about":[{"href":"https:\/\/radiostargjilan.com\/web\/wp-json\/wp\/v2\/types\/post"}],"author":[{"embeddable":true,"href":"https:\/\/radiostargjilan.com\/web\/wp-json\/wp\/v2\/users\/1"}],"replies":[{"embeddable":true,"href":"https:\/\/radiostargjilan.com\/web\/wp-json\/wp\/v2\/comments?post=191441"}],"version-history":[{"count":0,"href":"https:\/\/radiostargjilan.com\/web\/wp-json\/wp\/v2\/posts\/191441\/revisions"}],"wp:featuredmedia":[{"embeddable":true,"href":"https:\/\/radiostargjilan.com\/web\/wp-json\/wp\/v2\/media\/191444"}],"wp:attachment":[{"href":"https:\/\/radiostargjilan.com\/web\/wp-json\/wp\/v2\/media?parent=191441"}],"wp:term":[{"taxonomy":"category","embeddable":true,"href":"https:\/\/radiostargjilan.com\/web\/wp-json\/wp\/v2\/categories?post=191441"},{"taxonomy":"post_tag","embeddable":true,"href":"https:\/\/radiostargjilan.com\/web\/wp-json\/wp\/v2\/tags?post=191441"}],"curies":[{"name":"wp","href":"https:\/\/api.w.org\/{rel}","templated":true}]}}