{"id":191446,"date":"2025-01-14T22:19:25","date_gmt":"2025-01-14T21:19:25","guid":{"rendered":"https:\/\/radiostargjilan.com\/web\/?p=191446"},"modified":"2025-01-14T22:19:25","modified_gmt":"2025-01-14T21:19:25","slug":"kfor-situata-ne-kosove-eshte-e-qete-por-e-brishte-bashke-me-policine-po-patrullojme-ne-veri","status":"publish","type":"post","link":"https:\/\/radiostargjilan.com\/web\/kfor-situata-ne-kosove-eshte-e-qete-por-e-brishte-bashke-me-policine-po-patrullojme-ne-veri\/","title":{"rendered":"KFOR: Situata n\u00eb Kosov\u00eb \u00ebsht\u00eb e qet\u00eb por e brisht\u00eb, bashk\u00eb me Policin\u00eb po patrullojm\u00eb n\u00eb veri"},"content":{"rendered":"<p>KFOR-i thot\u00eb se patrullimet e rregullta dhe angazhimet me p\u00ebrfaq\u00ebsues t\u00eb komuniteteve lokale n\u00eb Kosov\u00eb jan\u00eb p\u00ebr parandalimin e tensioneve dhe dhun\u00ebn e p\u00ebrt\u00ebrir\u00eb t\u00eb Serbis\u00eb. Ata thon\u00eb se pas ngjarjeve t\u00eb fundit n\u00eb Banjsk\u00eb dhe Zve\u00e7an, NATO vendosi t\u00eb rris\u00eb numrin e trupave t\u00eb KFOR-it p\u00ebrmes dislokimit t\u00eb forcave rezerv\u00eb.<\/p>\n<p>Sipas KFOR-it, 4300 trupa jan\u00eb duke patrulluar nga 29 vendet kontribuuese.<\/p>\n<p>\u201cObjektivi yn\u00eb kryesor \u00ebsht\u00eb t\u00eb parandalojm\u00eb tensionet ose dhun\u00ebn e p\u00ebrt\u00ebrir\u00eb. Kjo \u00ebsht\u00eb ajo q\u00eb ne po b\u00ebjm\u00eb \u00e7do dit\u00eb, p\u00ebrmes patrullimeve t\u00eb rregullta dhe angazhimeve me p\u00ebrfaq\u00ebsues t\u00eb komuniteteve lokale n\u00eb mbar\u00eb Kosov\u00ebn. P\u00ebr shkak t\u00eb situat\u00ebs n\u00eb zhvillim t\u00eb siguris\u00eb, n\u00eb vitin 2023, pas ngjarjeve t\u00eb Banjsk\u00ebs dhe Zve\u00e7anit, NATO vendosi t\u00eb rris\u00eb numrin e trupave t\u00eb KFOR-it, p\u00ebrmes dislokimit t\u00eb forcave rezerv\u00eb. Sot, forca e KFOR-it prej rreth 4300 trupash nga 29 vende kontribuese (duke p\u00ebrfshir\u00eb aleat\u00ebt dhe partner\u00ebt e NATO-s)\u201d, thuhet n\u00eb p\u00ebrgjigjen e KFOR-it p\u00ebr t\u00ebv\u00eb1.<\/p>\n<p>Tutje, KFOR-i ka b\u00ebr\u00eb t\u00eb ditur se pas sulmit n\u00eb kanalin Ib\u00ebr- Lepenc, situata n\u00eb veri t\u00eb Kosov\u00ebs \u00ebsht\u00eb e qet\u00eb.<\/p>\n<p>\u201cPas sulmit t\u00eb 29 n\u00ebntorit n\u00eb kanalin Ib\u00ebr-Lepenc, situata e siguris\u00eb n\u00eb veri t\u00eb Kosov\u00ebs \u00ebsht\u00eb e qet\u00eb, por mbetet e brisht\u00eb, p\u00ebr shkak t\u00eb disa faktor\u00ebve, duke p\u00ebrfshir\u00eb \u00e7\u00ebshtjet e pazgjidhura n\u00eb procesin e normalizimit t\u00eb marr\u00ebdh\u00ebnieve nd\u00ebrmjet Beogradit dhe Prishtin\u00ebs dhe dezinformimin dhe dezinformimin e shfrenuar\u201d, tha KFOR-i.<\/p>\n<p>Nd\u00ebrkaq, sa i p\u00ebrket patrullimeve, KFOR-i ka b\u00ebr\u00eb t\u00eb ditur se do t\u00eb vazhdojn\u00eb p\u00ebr t\u00eb forcuar transparenc\u00ebn dhe p\u00ebr t\u00eb ndaluar \u00e7do rrezik.<\/p>\n<p>\u201cSi\u00e7 kemi th\u00ebn\u00eb, situata n\u00eb Kosov\u00eb \u00ebsht\u00eb e qet\u00eb, por e brisht\u00eb. KFOR-i do t\u00eb vazhdoj\u00eb t\u00eb kryej\u00eb patrullime t\u00eb rregullta p\u00ebrgjat\u00eb Vij\u00ebs Kufitare Administrative dhe \u00ebsht\u00eb vigjilent. Koordinimi i vazhduesh\u00ebm nga Policia e Kosov\u00ebs dhe Forcat e Armatosura t\u00eb Serbis\u00eb \u00ebsht\u00eb thelb\u00ebsore p\u00ebr t\u00eb forcuar transparenc\u00ebn dhe nd\u00ebrgjegj\u00ebsimin e nd\u00ebrsjell\u00eb t\u00eb situat\u00ebs dhe p\u00ebr t\u00eb parandaluar \u00e7do rrezik p\u00ebr p\u00ebrshkall\u00ebzim t\u00eb pajustifikuar.<\/p>\n<p>P\u00ebrderisa KFOR-i vazhdon t\u00eb ofroj\u00eb nj\u00eb mjedis t\u00eb sigurt dhe t\u00eb sigurt p\u00ebr t\u00eb gjith\u00eb njer\u00ebzit q\u00eb jetojn\u00eb n\u00eb Kosov\u00eb, n\u00eb baz\u00eb t\u00eb mandatit t\u00eb tij t\u00eb gjat\u00eb t\u00eb OKB-s\u00eb, zbatimi i ligjit n\u00eb mbar\u00eb Kosov\u00ebn bie n\u00ebn p\u00ebrgjegj\u00ebsin\u00eb e Policis\u00eb s\u00eb Kosov\u00ebs\u201d, thuhet nd\u00ebr t\u00eb tjera n\u00eb p\u00ebrgjigjen e KFOR-it.<\/p>\n","protected":false},"excerpt":{"rendered":"<p>KFOR-i thot\u00eb se patrullimet e rregullta dhe angazhimet me p\u00ebrfaq\u00ebsues t\u00eb komuniteteve lokale n\u00eb Kosov\u00eb jan\u00eb p\u00ebr parandalimin e tensioneve dhe dhun\u00ebn e p\u00ebrt\u00ebrir\u00eb t\u00eb Serbis\u00eb. Ata thon\u00eb se pas ngjarjeve t\u00eb fundit n\u00eb Banjsk\u00eb dhe Zve\u00e7an, NATO vendosi t\u00eb rris\u00eb numrin e trupave t\u00eb KFOR-it p\u00ebrmes dislokimit t\u00eb forcave rezerv\u00eb. Sipas KFOR-it, 4300 trupa [&hellip;]<\/p>\n","protected":false},"author":1,"featured_media":191447,"comment_status":"closed","ping_status":"closed","sticky":false,"template":"","format":"standard","meta":{"footnotes":""},"categories":[5],"tags":[],"class_list":{"0":"post-191446","1":"post","2":"type-post","3":"status-publish","4":"format-standard","5":"has-post-thumbnail","7":"category-lajme"},"_links":{"self":[{"href":"https:\/\/radiostargjilan.com\/web\/wp-json\/wp\/v2\/posts\/191446","targetHints":{"allow":["GET"]}}],"collection":[{"href":"https:\/\/radiostargjilan.com\/web\/wp-json\/wp\/v2\/posts"}],"about":[{"href":"https:\/\/radiostargjilan.com\/web\/wp-json\/wp\/v2\/types\/post"}],"author":[{"embeddable":true,"href":"https:\/\/radiostargjilan.com\/web\/wp-json\/wp\/v2\/users\/1"}],"replies":[{"embeddable":true,"href":"https:\/\/radiostargjilan.com\/web\/wp-json\/wp\/v2\/comments?post=191446"}],"version-history":[{"count":0,"href":"https:\/\/radiostargjilan.com\/web\/wp-json\/wp\/v2\/posts\/191446\/revisions"}],"wp:featuredmedia":[{"embeddable":true,"href":"https:\/\/radiostargjilan.com\/web\/wp-json\/wp\/v2\/media\/191447"}],"wp:attachment":[{"href":"https:\/\/radiostargjilan.com\/web\/wp-json\/wp\/v2\/media?parent=191446"}],"wp:term":[{"taxonomy":"category","embeddable":true,"href":"https:\/\/radiostargjilan.com\/web\/wp-json\/wp\/v2\/categories?post=191446"},{"taxonomy":"post_tag","embeddable":true,"href":"https:\/\/radiostargjilan.com\/web\/wp-json\/wp\/v2\/tags?post=191446"}],"curies":[{"name":"wp","href":"https:\/\/api.w.org\/{rel}","templated":true}]}}