{"id":191886,"date":"2025-01-18T11:46:52","date_gmt":"2025-01-18T10:46:52","guid":{"rendered":"https:\/\/radiostargjilan.com\/web\/?p=191886"},"modified":"2025-01-18T11:46:52","modified_gmt":"2025-01-18T10:46:52","slug":"fillon-renovimi-i-palestres-se-sporteve-ne-gjilan","status":"publish","type":"post","link":"https:\/\/radiostargjilan.com\/web\/fillon-renovimi-i-palestres-se-sporteve-ne-gjilan\/","title":{"rendered":"Fillon renovimi i palestr\u00ebs s\u00eb sporteve n\u00eb Gjilan"},"content":{"rendered":"<p>Sot kan\u00eb nisur punimet p\u00ebr renovimin e palestr\u00ebs s\u00eb sporteve n\u00eb Gjilan, nj\u00eb projekt q\u00eb u konfirmua nga kryetari i komun\u00ebs, Alban Hyseni.<\/p>\n<p>Sipas Hysenit, investimi kap vler\u00ebn prej 2.7 milion\u00eb euro, dhe pas p\u00ebrfundimit t\u00eb punimeve, sportist\u00ebt e Gjilanit do t\u00eb ken\u00eb kushte moderne p\u00ebr st\u00ebrvitje dhe gara, duke p\u00ebrmir\u00ebsuar ndjesh\u00ebm infrastruktur\u00ebn sportive n\u00eb qytet.<\/p>\n","protected":false},"excerpt":{"rendered":"<p>Sot kan\u00eb nisur punimet p\u00ebr renovimin e palestr\u00ebs s\u00eb sporteve n\u00eb Gjilan, nj\u00eb projekt q\u00eb u konfirmua nga kryetari i komun\u00ebs, Alban Hyseni. Sipas Hysenit, investimi kap vler\u00ebn prej 2.7 milion\u00eb euro, dhe pas p\u00ebrfundimit t\u00eb punimeve, sportist\u00ebt e Gjilanit do t\u00eb ken\u00eb kushte moderne p\u00ebr st\u00ebrvitje dhe gara, duke p\u00ebrmir\u00ebsuar ndjesh\u00ebm infrastruktur\u00ebn sportive n\u00eb [&hellip;]<\/p>\n","protected":false},"author":1,"featured_media":191887,"comment_status":"closed","ping_status":"closed","sticky":false,"template":"","format":"standard","meta":{"footnotes":""},"categories":[5],"tags":[],"class_list":{"0":"post-191886","1":"post","2":"type-post","3":"status-publish","4":"format-standard","5":"has-post-thumbnail","7":"category-lajme"},"_links":{"self":[{"href":"https:\/\/radiostargjilan.com\/web\/wp-json\/wp\/v2\/posts\/191886","targetHints":{"allow":["GET"]}}],"collection":[{"href":"https:\/\/radiostargjilan.com\/web\/wp-json\/wp\/v2\/posts"}],"about":[{"href":"https:\/\/radiostargjilan.com\/web\/wp-json\/wp\/v2\/types\/post"}],"author":[{"embeddable":true,"href":"https:\/\/radiostargjilan.com\/web\/wp-json\/wp\/v2\/users\/1"}],"replies":[{"embeddable":true,"href":"https:\/\/radiostargjilan.com\/web\/wp-json\/wp\/v2\/comments?post=191886"}],"version-history":[{"count":0,"href":"https:\/\/radiostargjilan.com\/web\/wp-json\/wp\/v2\/posts\/191886\/revisions"}],"wp:featuredmedia":[{"embeddable":true,"href":"https:\/\/radiostargjilan.com\/web\/wp-json\/wp\/v2\/media\/191887"}],"wp:attachment":[{"href":"https:\/\/radiostargjilan.com\/web\/wp-json\/wp\/v2\/media?parent=191886"}],"wp:term":[{"taxonomy":"category","embeddable":true,"href":"https:\/\/radiostargjilan.com\/web\/wp-json\/wp\/v2\/categories?post=191886"},{"taxonomy":"post_tag","embeddable":true,"href":"https:\/\/radiostargjilan.com\/web\/wp-json\/wp\/v2\/tags?post=191886"}],"curies":[{"name":"wp","href":"https:\/\/api.w.org\/{rel}","templated":true}]}}